{"id":10409,"date":"2025-04-22T22:51:25","date_gmt":"2025-04-22T20:51:25","guid":{"rendered":"https:\/\/agora.xtec.cat\/escgaspardeportola\/?p=10409"},"modified":"2025-04-24T10:39:34","modified_gmt":"2025-04-24T08:39:34","slug":"llibre-la-fira-dels-somnis","status":"publish","type":"post","link":"https:\/\/agora.xtec.cat\/escgaspardeportola\/general\/llibre-la-fira-dels-somnis\/","title":{"rendered":"Llibre La Fira dels Somnis"},"content":{"rendered":"<p>Dimarts dia<img loading=\"lazy\" decoding=\"async\" class=\"wp-image-10415 alignleft\" src=\"https:\/\/agora.xtec.cat\/escgaspardeportola\/wp-content\/uploads\/usu555\/2025\/04\/IMG-20250422-WA0018-1024x577.jpg\" alt=\"\" width=\"410\" height=\"231\" srcset=\"https:\/\/agora.xtec.cat\/escgaspardeportola\/wp-content\/uploads\/usu555\/2025\/04\/IMG-20250422-WA0018-1024x577.jpg 1024w, https:\/\/agora.xtec.cat\/escgaspardeportola\/wp-content\/uploads\/usu555\/2025\/04\/IMG-20250422-WA0018-300x169.jpg 300w, https:\/\/agora.xtec.cat\/escgaspardeportola\/wp-content\/uploads\/usu555\/2025\/04\/IMG-20250422-WA0018-768x432.jpg 768w, https:\/\/agora.xtec.cat\/escgaspardeportola\/wp-content\/uploads\/usu555\/2025\/04\/IMG-20250422-WA0018-1536x865.jpg 1536w, https:\/\/agora.xtec.cat\/escgaspardeportola\/wp-content\/uploads\/usu555\/2025\/04\/IMG-20250422-WA0018.jpg 2048w\" sizes=\"auto, (max-width: 410px) 100vw, 410px\" \/><span style=\"font-family: inherit;font-size: 1em\">\u00a022 d&#8217;abril s&#8217;ha presentat el llibre <\/span><b style=\"font-family: inherit;font-size: 1em\">\u201cLes aventures de la Colla de la Fira dels Somnis\u201d<\/b><span style=\"font-family: inherit;font-size: 1em\">, a la Sala d\u2019actes de la Paeria de Balaguer.<\/span><\/p>\n<p>Aquesta publicaci\u00f3 recull una selecci\u00f3 de 18 relats d\u2019alumnes de les escoles que han participat en el concurs escolar, i les il\u00b7lustracions dels alumnes de l\u2019escola d\u2019art Ramon Mayals de Balaguer.<\/p>\n<p>Cinc contes de la <span style=\"font-family: inherit;font-size: 1em\">nostra e<\/span><span style=\"font-family: inherit;font-size: 1em\">scola han estat escollits per formar part del llibre. A m\u00e9s a m\u00e9s d&#8217;un diploma, l&#8217;alumnat guanyador s&#8217;ha endut el premi de poder-se enlairar en un globus aerost\u00e0tic el dia 4 de maig durant la Fira dels Somnis. Tota la resta d&#8217;alumnes que s&#8217;havien classificat tamb\u00e9 han rebut un diploma. L&#8217;escola ha obtingut un gran lot de llibres.<\/span><\/p>\n<p>Enlla\u00e7: <a href=\"https:\/\/www.radiobalaguer.cat\/portal\/63\/index.php?EC=ReadArticle&amp;ArticleID=55818\">Not\u00edcia a R\u00e0dio Balaguer<\/a><\/p>\n","protected":false},"excerpt":{"rendered":"<p>Dimarts dia\u00a022 d&#8217;abril s&#8217;ha presentat el llibre \u201cLes aventures de la Colla de la Fira dels Somnis\u201d, a la Sala d\u2019actes de la Paeria de Balaguer. Aquesta publicaci\u00f3 recull una selecci\u00f3 de 18 relats d\u2019alumnes de les escoles que han participat en el concurs escolar, i les il\u00b7lustracions dels alumnes de l\u2019escola d\u2019art Ramon Mayals [&hellip;]<\/p>\n","protected":false},"author":12,"featured_media":0,"comment_status":"open","ping_status":"closed","sticky":false,"template":"","format":"standard","meta":{"_bbp_topic_count":0,"_bbp_reply_count":0,"_bbp_total_topic_count":0,"_bbp_total_reply_count":0,"_bbp_voice_count":0,"_bbp_anonymous_reply_count":0,"_bbp_topic_count_hidden":0,"_bbp_reply_count_hidden":0,"_bbp_forum_subforum_count":0,"site-sidebar-layout":"default","site-content-layout":"","ast-site-content-layout":"","site-content-style":"default","site-sidebar-style":"default","ast-global-header-display":"","ast-banner-title-visibility":"","ast-main-header-display":"","ast-hfb-above-header-display":"","ast-hfb-below-header-display":"","ast-hfb-mobile-header-display":"","site-post-title":"","ast-breadcrumbs-content":"","ast-featured-img":"","footer-sml-layout":"","theme-transparent-header-meta":"","adv-header-id-meta":"","stick-header-meta":"","header-above-stick-meta":"","header-main-stick-meta":"","header-below-stick-meta":"","astra-migrate-meta-layouts":"default","ast-page-background-enabled":"default","ast-page-background-meta":{"desktop":{"background-color":"var(--ast-global-color-4)","background-image":"","background-repeat":"repeat","background-position":"center center","background-size":"auto","background-attachment":"scroll","background-type":"","background-media":"","overlay-type":"","overlay-color":"","overlay-opacity":"","overlay-gradient":""},"tablet":{"background-color":"","background-image":"","background-repeat":"repeat","background-position":"center center","background-size":"auto","background-attachment":"scroll","background-type":"","background-media":"","overlay-type":"","overlay-color":"","overlay-opacity":"","overlay-gradient":""},"mobile":{"background-color":"","background-image":"","background-repeat":"repeat","background-position":"center center","background-size":"auto","background-attachment":"scroll","background-type":"","background-media":"","overlay-type":"","overlay-color":"","overlay-opacity":"","overlay-gradient":""}},"ast-content-background-meta":{"desktop":{"background-color":"var(--ast-global-color-5)","background-image":"","background-repeat":"repeat","background-position":"center center","background-size":"auto","background-attachment":"scroll","background-type":"","background-media":"","overlay-type":"","overlay-color":"","overlay-opacity":"","overlay-gradient":""},"tablet":{"background-color":"var(--ast-global-color-5)","background-image":"","background-repeat":"repeat","background-position":"center center","background-size":"auto","background-attachment":"scroll","background-type":"","background-media":"","overlay-type":"","overlay-color":"","overlay-opacity":"","overlay-gradient":""},"mobile":{"background-color":"var(--ast-global-color-5)","background-image":"","background-repeat":"repeat","background-position":"center center","background-size":"auto","background-attachment":"scroll","background-type":"","background-media":"","overlay-type":"","overlay-color":"","overlay-opacity":"","overlay-gradient":""}},"footnotes":""},"categories":[60,1,4],"tags":[505,456],"class_list":["post-10409","post","type-post","status-publish","format-standard","hentry","category-ciclemitja","category-general","category-portada","tag-cancer-infantil","tag-fira-dels-somnis"],"post_mailing_queue_ids":[],"_links":{"self":[{"href":"https:\/\/agora.xtec.cat\/escgaspardeportola\/wp-json\/wp\/v2\/posts\/10409","targetHints":{"allow":["GET"]}}],"collection":[{"href":"https:\/\/agora.xtec.cat\/escgaspardeportola\/wp-json\/wp\/v2\/posts"}],"about":[{"href":"https:\/\/agora.xtec.cat\/escgaspardeportola\/wp-json\/wp\/v2\/types\/post"}],"author":[{"embeddable":true,"href":"https:\/\/agora.xtec.cat\/escgaspardeportola\/wp-json\/wp\/v2\/users\/12"}],"replies":[{"embeddable":true,"href":"https:\/\/agora.xtec.cat\/escgaspardeportola\/wp-json\/wp\/v2\/comments?post=10409"}],"version-history":[{"count":4,"href":"https:\/\/agora.xtec.cat\/escgaspardeportola\/wp-json\/wp\/v2\/posts\/10409\/revisions"}],"predecessor-version":[{"id":10416,"href":"https:\/\/agora.xtec.cat\/escgaspardeportola\/wp-json\/wp\/v2\/posts\/10409\/revisions\/10416"}],"wp:attachment":[{"href":"https:\/\/agora.xtec.cat\/escgaspardeportola\/wp-json\/wp\/v2\/media?parent=10409"}],"wp:term":[{"taxonomy":"category","embeddable":true,"href":"https:\/\/agora.xtec.cat\/escgaspardeportola\/wp-json\/wp\/v2\/categories?post=10409"},{"taxonomy":"post_tag","embeddable":true,"href":"https:\/\/agora.xtec.cat\/escgaspardeportola\/wp-json\/wp\/v2\/tags?post=10409"}],"curies":[{"name":"wp","href":"https:\/\/api.w.org\/{rel}","templated":true}]}}