{"id":10373,"date":"2025-04-11T17:46:21","date_gmt":"2025-04-11T15:46:21","guid":{"rendered":"https:\/\/agora.xtec.cat\/escgaspardeportola\/?p=10373"},"modified":"2025-04-11T17:47:18","modified_gmt":"2025-04-11T15:47:18","slug":"a-cicle-mitja-ens-mengem-la-mona%f0%9f%8d%b0%f0%9f%90%a3","status":"publish","type":"post","link":"https:\/\/agora.xtec.cat\/escgaspardeportola\/ciclemitja\/a-cicle-mitja-ens-mengem-la-mona%f0%9f%8d%b0%f0%9f%90%a3\/","title":{"rendered":"A CICLE MITJ\u00c0 ENS MENGEM LA MONA!\ud83c\udf70\ud83d\udc23"},"content":{"rendered":"<p style=\"text-align: justify;\"><img loading=\"lazy\" decoding=\"async\" class=\"alignnone size-large wp-image-10378\" src=\"https:\/\/agora.xtec.cat\/escgaspardeportola\/wp-content\/uploads\/usu555\/2025\/04\/IMG_6950-1011x1024.jpeg\" alt=\"\" width=\"1011\" height=\"1024\" srcset=\"https:\/\/agora.xtec.cat\/escgaspardeportola\/wp-content\/uploads\/usu555\/2025\/04\/IMG_6950-1011x1024.jpeg 1011w, https:\/\/agora.xtec.cat\/escgaspardeportola\/wp-content\/uploads\/usu555\/2025\/04\/IMG_6950-296x300.jpeg 296w, https:\/\/agora.xtec.cat\/escgaspardeportola\/wp-content\/uploads\/usu555\/2025\/04\/IMG_6950-768x778.jpeg 768w, https:\/\/agora.xtec.cat\/escgaspardeportola\/wp-content\/uploads\/usu555\/2025\/04\/IMG_6950-1516x1536.jpeg 1516w, https:\/\/agora.xtec.cat\/escgaspardeportola\/wp-content\/uploads\/usu555\/2025\/04\/IMG_6950-2022x2048.jpeg 2022w\" sizes=\"auto, (max-width: 1011px) 100vw, 1011px\" \/><\/p>\n<p>Aquest divendres, amb motiu de l&#8217;inici de les vacances de Setmana Santa, l&#8217;alumnat de cicle mitj\u00e0, per no perdre la tradici\u00f3, ha preparat, per aules, la \u201cmona&#8221;\ud83c\udf70 de Pasqua. M\u00e9s tard, han pogut tastar-la i&#8230;qu\u00e8 bona que estava!\ud83d\ude1d\ud83d\udc4c<\/p>\n<p style=\"text-align: justify;\">Amb la realitzaci\u00f3 d&#8217;aquest past\u00eds que tant ens agrada a tots i a totes, els nens i nenes tamb\u00e9 han apr\u00e8s el motiu pel qual es duu a terme aquesta festivitat, han treballat el pes\u2696\ufe0f i les estimacions mitjan\u00e7ant els ingredients utilitzats i, en conseq\u00fc\u00e8ncia, la recepta\ud83d\uddd2\ufe0f.<\/p>\n<p>Podeu veure un conjunt d&#8217;imatges \ud83d\udcf8 clicant <a href=\"https:\/\/drive.google.com\/drive\/folders\/1595WfwLBN2rBJV6-3_OY1TZzEmupQMOt\">aqu\u00ed.<\/a><\/p>\n","protected":false},"excerpt":{"rendered":"<p>Aquest divendres, amb motiu de l&#8217;inici de les vacances de Setmana Santa, l&#8217;alumnat de cicle mitj\u00e0, per no perdre la tradici\u00f3, ha preparat, per aules, la \u201cmona&#8221;\ud83c\udf70 de Pasqua. M\u00e9s tard, han pogut tastar-la i&#8230;qu\u00e8 bona que estava!\ud83d\ude1d\ud83d\udc4c Amb la realitzaci\u00f3 d&#8217;aquest past\u00eds que tant ens agrada a tots i a totes, els nens i [&hellip;]<\/p>\n","protected":false},"author":47,"featured_media":0,"comment_status":"open","ping_status":"closed","sticky":false,"template":"","format":"standard","meta":{"_bbp_topic_count":0,"_bbp_reply_count":0,"_bbp_total_topic_count":0,"_bbp_total_reply_count":0,"_bbp_voice_count":0,"_bbp_anonymous_reply_count":0,"_bbp_topic_count_hidden":0,"_bbp_reply_count_hidden":0,"_bbp_forum_subforum_count":0,"site-sidebar-layout":"default","site-content-layout":"","ast-site-content-layout":"","site-content-style":"default","site-sidebar-style":"default","ast-global-header-display":"","ast-banner-title-visibility":"","ast-main-header-display":"","ast-hfb-above-header-display":"","ast-hfb-below-header-display":"","ast-hfb-mobile-header-display":"","site-post-title":"","ast-breadcrumbs-content":"","ast-featured-img":"","footer-sml-layout":"","theme-transparent-header-meta":"","adv-header-id-meta":"","stick-header-meta":"","header-above-stick-meta":"","header-main-stick-meta":"","header-below-stick-meta":"","astra-migrate-meta-layouts":"default","ast-page-background-enabled":"default","ast-page-background-meta":{"desktop":{"background-color":"var(--ast-global-color-4)","background-image":"","background-repeat":"repeat","background-position":"center center","background-size":"auto","background-attachment":"scroll","background-type":"","background-media":"","overlay-type":"","overlay-color":"","overlay-opacity":"","overlay-gradient":""},"tablet":{"background-color":"","background-image":"","background-repeat":"repeat","background-position":"center center","background-size":"auto","background-attachment":"scroll","background-type":"","background-media":"","overlay-type":"","overlay-color":"","overlay-opacity":"","overlay-gradient":""},"mobile":{"background-color":"","background-image":"","background-repeat":"repeat","background-position":"center center","background-size":"auto","background-attachment":"scroll","background-type":"","background-media":"","overlay-type":"","overlay-color":"","overlay-opacity":"","overlay-gradient":""}},"ast-content-background-meta":{"desktop":{"background-color":"var(--ast-global-color-5)","background-image":"","background-repeat":"repeat","background-position":"center center","background-size":"auto","background-attachment":"scroll","background-type":"","background-media":"","overlay-type":"","overlay-color":"","overlay-opacity":"","overlay-gradient":""},"tablet":{"background-color":"var(--ast-global-color-5)","background-image":"","background-repeat":"repeat","background-position":"center center","background-size":"auto","background-attachment":"scroll","background-type":"","background-media":"","overlay-type":"","overlay-color":"","overlay-opacity":"","overlay-gradient":""},"mobile":{"background-color":"var(--ast-global-color-5)","background-image":"","background-repeat":"repeat","background-position":"center center","background-size":"auto","background-attachment":"scroll","background-type":"","background-media":"","overlay-type":"","overlay-color":"","overlay-opacity":"","overlay-gradient":""}},"footnotes":""},"categories":[60],"tags":[61,388,387,100,191],"class_list":["post-10373","post","type-post","status-publish","format-standard","hentry","category-ciclemitja","tag-cicle-mitja","tag-mona","tag-pasqua","tag-quart","tag-tercer"],"post_mailing_queue_ids":[],"_links":{"self":[{"href":"https:\/\/agora.xtec.cat\/escgaspardeportola\/wp-json\/wp\/v2\/posts\/10373","targetHints":{"allow":["GET"]}}],"collection":[{"href":"https:\/\/agora.xtec.cat\/escgaspardeportola\/wp-json\/wp\/v2\/posts"}],"about":[{"href":"https:\/\/agora.xtec.cat\/escgaspardeportola\/wp-json\/wp\/v2\/types\/post"}],"author":[{"embeddable":true,"href":"https:\/\/agora.xtec.cat\/escgaspardeportola\/wp-json\/wp\/v2\/users\/47"}],"replies":[{"embeddable":true,"href":"https:\/\/agora.xtec.cat\/escgaspardeportola\/wp-json\/wp\/v2\/comments?post=10373"}],"version-history":[{"count":6,"href":"https:\/\/agora.xtec.cat\/escgaspardeportola\/wp-json\/wp\/v2\/posts\/10373\/revisions"}],"predecessor-version":[{"id":10405,"href":"https:\/\/agora.xtec.cat\/escgaspardeportola\/wp-json\/wp\/v2\/posts\/10373\/revisions\/10405"}],"wp:attachment":[{"href":"https:\/\/agora.xtec.cat\/escgaspardeportola\/wp-json\/wp\/v2\/media?parent=10373"}],"wp:term":[{"taxonomy":"category","embeddable":true,"href":"https:\/\/agora.xtec.cat\/escgaspardeportola\/wp-json\/wp\/v2\/categories?post=10373"},{"taxonomy":"post_tag","embeddable":true,"href":"https:\/\/agora.xtec.cat\/escgaspardeportola\/wp-json\/wp\/v2\/tags?post=10373"}],"curies":[{"name":"wp","href":"https:\/\/api.w.org\/{rel}","templated":true}]}}