{"id":10357,"date":"2025-04-10T07:31:19","date_gmt":"2025-04-10T05:31:19","guid":{"rendered":"https:\/\/agora.xtec.cat\/escgaspardeportola\/?p=10357"},"modified":"2025-04-10T07:34:19","modified_gmt":"2025-04-10T05:34:19","slug":"forum-escoles-verdes-2","status":"publish","type":"post","link":"https:\/\/agora.xtec.cat\/escgaspardeportola\/general\/forum-escoles-verdes-2\/","title":{"rendered":"F\u00f2rum Escoles Verdes!"},"content":{"rendered":"<p><span style=\"font-weight: 400;\">El passat dimecres 2 d&#8217;abril, <strong>els ecodelegats de 4t i de 5\u00e8,<\/strong> en representaci\u00f3 de l\u2019escola, van participar en el <strong>F\u00f2rum d\u2019Escoles Verdes que es va celebrar a Fondarella<\/strong> sota el t\u00edtol <strong>\u201cNATURA I ESCOLA\u201d<\/strong><\/span><\/p>\n<p><img loading=\"lazy\" decoding=\"async\" class=\"wp-image-10358 aligncenter\" src=\"https:\/\/agora.xtec.cat\/escgaspardeportola\/wp-content\/uploads\/usu555\/2025\/04\/IMG_7169-1024x768.jpg\" alt=\"\" width=\"883\" height=\"663\" srcset=\"https:\/\/agora.xtec.cat\/escgaspardeportola\/wp-content\/uploads\/usu555\/2025\/04\/IMG_7169-1024x768.jpg 1024w, https:\/\/agora.xtec.cat\/escgaspardeportola\/wp-content\/uploads\/usu555\/2025\/04\/IMG_7169-300x225.jpg 300w, https:\/\/agora.xtec.cat\/escgaspardeportola\/wp-content\/uploads\/usu555\/2025\/04\/IMG_7169-768x576.jpg 768w, https:\/\/agora.xtec.cat\/escgaspardeportola\/wp-content\/uploads\/usu555\/2025\/04\/IMG_7169-1536x1152.jpg 1536w, https:\/\/agora.xtec.cat\/escgaspardeportola\/wp-content\/uploads\/usu555\/2025\/04\/IMG_7169-200x150.jpg 200w, https:\/\/agora.xtec.cat\/escgaspardeportola\/wp-content\/uploads\/usu555\/2025\/04\/IMG_7169.jpg 2016w\" sizes=\"auto, (max-width: 883px) 100vw, 883px\" \/><\/p>\n<p><span style=\"font-weight: 400;\">En total hi van participar 85 alumnes i 28 docents, de <strong>17 centres de la Xarxa d\u2019Escoles<\/strong> Verdes de les comarques del Segri\u00e0, Pla d\u2019Urgell, Garrigues i la Noguera.\u00a0<\/span><\/p>\n<p><span style=\"font-weight: 400;\">Despr\u00e9s de les presentacions i la inauguraci\u00f3 del F\u00f2rum, <strong>l\u2019ornit\u00f2leg i educador ambiental\u00a0 Enric Morera va fer una xerrada molt interessant sobre \u201cNatura a la plana de Lleida\u201d,<\/strong> ens va fer adonar que vivim en un entorn privilegiat, ple de Natura!<\/span><\/p>\n<p><img loading=\"lazy\" decoding=\"async\" class=\"wp-image-10359 aligncenter\" src=\"https:\/\/agora.xtec.cat\/escgaspardeportola\/wp-content\/uploads\/usu555\/2025\/04\/IMG_7173-768x1024.jpg\" alt=\"\" width=\"661\" height=\"881\" srcset=\"https:\/\/agora.xtec.cat\/escgaspardeportola\/wp-content\/uploads\/usu555\/2025\/04\/IMG_7173-768x1024.jpg 768w, https:\/\/agora.xtec.cat\/escgaspardeportola\/wp-content\/uploads\/usu555\/2025\/04\/IMG_7173-225x300.jpg 225w, https:\/\/agora.xtec.cat\/escgaspardeportola\/wp-content\/uploads\/usu555\/2025\/04\/IMG_7173-1152x1536.jpg 1152w, https:\/\/agora.xtec.cat\/escgaspardeportola\/wp-content\/uploads\/usu555\/2025\/04\/IMG_7173.jpg 1512w\" sizes=\"auto, (max-width: 661px) 100vw, 661px\" \/><\/p>\n<p><span style=\"font-weight: 400;\">Despr\u00e9s de dinar va venir <strong>el plat fort del F\u00f2rum, la Fira de projectes.<\/strong> Cada escola participant va compartir alguna de les activitats que realitzen al seu centre. <strong>El nostre centre va presentar el Projecte \u201cEsmorzars saludables\u201d dins del Programa d\u2019alimentaci\u00f3 saludable i l\u2019origen dels aliments, fent refer\u00e8ncia a l\u2019hort i a les oliveres de l\u2019escola.<\/strong> Els nostres ecodelegats van tenir l\u2019ocasi\u00f3 de con\u00e8ixer diferents i interessants activitats relacionades amb el Medi ambient i la Biodiversitat, que realitzen d\u2019altres centres.<\/span><\/p>\n<p><span style=\"font-weight: 400;\">Tot i que el temps no ens va acompanyar massa <strong>va ser una jornada molt profitosa, divertida i enriquidora!<\/strong><\/span><\/p>\n<p><img loading=\"lazy\" decoding=\"async\" class=\"wp-image-10360 aligncenter\" src=\"https:\/\/agora.xtec.cat\/escgaspardeportola\/wp-content\/uploads\/usu555\/2025\/04\/IMG_7182-1024x768.jpg\" alt=\"\" width=\"646\" height=\"485\" srcset=\"https:\/\/agora.xtec.cat\/escgaspardeportola\/wp-content\/uploads\/usu555\/2025\/04\/IMG_7182-1024x768.jpg 1024w, https:\/\/agora.xtec.cat\/escgaspardeportola\/wp-content\/uploads\/usu555\/2025\/04\/IMG_7182-300x225.jpg 300w, https:\/\/agora.xtec.cat\/escgaspardeportola\/wp-content\/uploads\/usu555\/2025\/04\/IMG_7182-768x576.jpg 768w, https:\/\/agora.xtec.cat\/escgaspardeportola\/wp-content\/uploads\/usu555\/2025\/04\/IMG_7182-1536x1152.jpg 1536w, https:\/\/agora.xtec.cat\/escgaspardeportola\/wp-content\/uploads\/usu555\/2025\/04\/IMG_7182-200x150.jpg 200w, https:\/\/agora.xtec.cat\/escgaspardeportola\/wp-content\/uploads\/usu555\/2025\/04\/IMG_7182.jpg 2016w\" sizes=\"auto, (max-width: 646px) 100vw, 646px\" \/> <img loading=\"lazy\" decoding=\"async\" class=\"wp-image-10361 aligncenter\" src=\"https:\/\/agora.xtec.cat\/escgaspardeportola\/wp-content\/uploads\/usu555\/2025\/04\/IMG_7175-768x1024.jpg\" alt=\"\" width=\"647\" height=\"863\" srcset=\"https:\/\/agora.xtec.cat\/escgaspardeportola\/wp-content\/uploads\/usu555\/2025\/04\/IMG_7175-768x1024.jpg 768w, https:\/\/agora.xtec.cat\/escgaspardeportola\/wp-content\/uploads\/usu555\/2025\/04\/IMG_7175-225x300.jpg 225w, https:\/\/agora.xtec.cat\/escgaspardeportola\/wp-content\/uploads\/usu555\/2025\/04\/IMG_7175-1152x1536.jpg 1152w, https:\/\/agora.xtec.cat\/escgaspardeportola\/wp-content\/uploads\/usu555\/2025\/04\/IMG_7175.jpg 1512w\" sizes=\"auto, (max-width: 647px) 100vw, 647px\" \/><\/p>\n","protected":false},"excerpt":{"rendered":"<p>El passat dimecres 2 d&#8217;abril, els ecodelegats de 4t i de 5\u00e8, en representaci\u00f3 de l\u2019escola, van participar en el F\u00f2rum d\u2019Escoles Verdes que es va celebrar a Fondarella sota el t\u00edtol \u201cNATURA I ESCOLA\u201d En total hi van participar 85 alumnes i 28 docents, de 17 centres de la Xarxa d\u2019Escoles Verdes de les [&hellip;]<\/p>\n","protected":false},"author":1,"featured_media":0,"comment_status":"closed","ping_status":"closed","sticky":false,"template":"","format":"standard","meta":{"_bbp_topic_count":0,"_bbp_reply_count":0,"_bbp_total_topic_count":0,"_bbp_total_reply_count":0,"_bbp_voice_count":0,"_bbp_anonymous_reply_count":0,"_bbp_topic_count_hidden":0,"_bbp_reply_count_hidden":0,"_bbp_forum_subforum_count":0,"site-sidebar-layout":"default","site-content-layout":"","ast-site-content-layout":"","site-content-style":"default","site-sidebar-style":"default","ast-global-header-display":"","ast-banner-title-visibility":"","ast-main-header-display":"","ast-hfb-above-header-display":"","ast-hfb-below-header-display":"","ast-hfb-mobile-header-display":"","site-post-title":"","ast-breadcrumbs-content":"","ast-featured-img":"","footer-sml-layout":"","theme-transparent-header-meta":"","adv-header-id-meta":"","stick-header-meta":"","header-above-stick-meta":"","header-main-stick-meta":"","header-below-stick-meta":"","astra-migrate-meta-layouts":"default","ast-page-background-enabled":"default","ast-page-background-meta":{"desktop":{"background-color":"var(--ast-global-color-4)","background-image":"","background-repeat":"repeat","background-position":"center center","background-size":"auto","background-attachment":"scroll","background-type":"","background-media":"","overlay-type":"","overlay-color":"","overlay-opacity":"","overlay-gradient":""},"tablet":{"background-color":"","background-image":"","background-repeat":"repeat","background-position":"center center","background-size":"auto","background-attachment":"scroll","background-type":"","background-media":"","overlay-type":"","overlay-color":"","overlay-opacity":"","overlay-gradient":""},"mobile":{"background-color":"","background-image":"","background-repeat":"repeat","background-position":"center center","background-size":"auto","background-attachment":"scroll","background-type":"","background-media":"","overlay-type":"","overlay-color":"","overlay-opacity":"","overlay-gradient":""}},"ast-content-background-meta":{"desktop":{"background-color":"var(--ast-global-color-5)","background-image":"","background-repeat":"repeat","background-position":"center center","background-size":"auto","background-attachment":"scroll","background-type":"","background-media":"","overlay-type":"","overlay-color":"","overlay-opacity":"","overlay-gradient":""},"tablet":{"background-color":"var(--ast-global-color-5)","background-image":"","background-repeat":"repeat","background-position":"center center","background-size":"auto","background-attachment":"scroll","background-type":"","background-media":"","overlay-type":"","overlay-color":"","overlay-opacity":"","overlay-gradient":""},"mobile":{"background-color":"var(--ast-global-color-5)","background-image":"","background-repeat":"repeat","background-position":"center center","background-size":"auto","background-attachment":"scroll","background-type":"","background-media":"","overlay-type":"","overlay-color":"","overlay-opacity":"","overlay-gradient":""}},"footnotes":""},"categories":[110,1,4],"tags":[],"class_list":["post-10357","post","type-post","status-publish","format-standard","hentry","category-escola-verda","category-general","category-portada"],"post_mailing_queue_ids":[],"_links":{"self":[{"href":"https:\/\/agora.xtec.cat\/escgaspardeportola\/wp-json\/wp\/v2\/posts\/10357","targetHints":{"allow":["GET"]}}],"collection":[{"href":"https:\/\/agora.xtec.cat\/escgaspardeportola\/wp-json\/wp\/v2\/posts"}],"about":[{"href":"https:\/\/agora.xtec.cat\/escgaspardeportola\/wp-json\/wp\/v2\/types\/post"}],"author":[{"embeddable":true,"href":"https:\/\/agora.xtec.cat\/escgaspardeportola\/wp-json\/wp\/v2\/users\/1"}],"replies":[{"embeddable":true,"href":"https:\/\/agora.xtec.cat\/escgaspardeportola\/wp-json\/wp\/v2\/comments?post=10357"}],"version-history":[{"count":4,"href":"https:\/\/agora.xtec.cat\/escgaspardeportola\/wp-json\/wp\/v2\/posts\/10357\/revisions"}],"predecessor-version":[{"id":10365,"href":"https:\/\/agora.xtec.cat\/escgaspardeportola\/wp-json\/wp\/v2\/posts\/10357\/revisions\/10365"}],"wp:attachment":[{"href":"https:\/\/agora.xtec.cat\/escgaspardeportola\/wp-json\/wp\/v2\/media?parent=10357"}],"wp:term":[{"taxonomy":"category","embeddable":true,"href":"https:\/\/agora.xtec.cat\/escgaspardeportola\/wp-json\/wp\/v2\/categories?post=10357"},{"taxonomy":"post_tag","embeddable":true,"href":"https:\/\/agora.xtec.cat\/escgaspardeportola\/wp-json\/wp\/v2\/tags?post=10357"}],"curies":[{"name":"wp","href":"https:\/\/api.w.org\/{rel}","templated":true}]}}