{"id":10338,"date":"2025-04-08T21:59:15","date_gmt":"2025-04-08T19:59:15","guid":{"rendered":"https:\/\/agora.xtec.cat\/escgaspardeportola\/?p=10338"},"modified":"2025-04-08T21:59:15","modified_gmt":"2025-04-08T19:59:15","slug":"sortida-a-lestany-cicle-inicial","status":"publish","type":"post","link":"https:\/\/agora.xtec.cat\/escgaspardeportola\/cicleinicial\/sortida-a-lestany-cicle-inicial\/","title":{"rendered":"Sortida a l&#8217;Estany Cicle Inicial"},"content":{"rendered":"<p>Hola fam\u00edlies,<\/p>\n<p>Com b\u00e9 sabeu divendres vam anar d&#8217;excursi\u00f3 a l&#8217;estany d&#8217;Ivars i Vila-sana. En arribar vam fer una volta i vam esmorzar per carregar piles. Despr\u00e9s de jugar una estona vam comen\u00e7ar les activitats; primer el taller d&#8217;anellament en qu\u00e8 vam poder veure com ho fan per atrapar els ocells per posar-los les anelles i tamb\u00e9 per investigar les rutes que fan aquells que ja estan anellats. Va ser molt interessant i vam fer moltes preguntes!<\/p>\n<p>A continuaci\u00f3 vam fer el taller dels petits exploradors en qu\u00e8 vam estar passejant pel bosc de l&#8217;estany i vam aprendre a trobar diferents rastres de la fauna de l&#8217;estany. Vam trobar plomes, nius, excrements, ossos i restes de menjar dels animals que viuen a l&#8217;estany.<\/p>\n<p>Despr\u00e9s de les activitats vam dinar i vam estar jugant una estona. Per acabar vam fer una bona passejada per l&#8217;estany i despr\u00e9s ja vam tornar cap a casa. Vam gaudir molt i ho vam passar molt b\u00e9!<\/p>\n<p>Aqu\u00ed us deixem unes <a href=\"https:\/\/drive.google.com\/drive\/folders\/1_uHvCeLjNeYf2wT73MzWAxrY_m8KZ97G?usp=sharing\">fotos<\/a>!<\/p>\n<p>&nbsp;<\/p>\n<p>&nbsp;<\/p>\n<p>&nbsp;<\/p>\n","protected":false},"excerpt":{"rendered":"<p>Hola fam\u00edlies, Com b\u00e9 sabeu divendres vam anar d&#8217;excursi\u00f3 a l&#8217;estany d&#8217;Ivars i Vila-sana. En arribar vam fer una volta i vam esmorzar per carregar piles. Despr\u00e9s de jugar una estona vam comen\u00e7ar les activitats; primer el taller d&#8217;anellament en qu\u00e8 vam poder veure com ho fan per atrapar els ocells per posar-los les anelles [&hellip;]<\/p>\n","protected":false},"author":50,"featured_media":0,"comment_status":"closed","ping_status":"closed","sticky":false,"template":"","format":"standard","meta":{"_bbp_topic_count":0,"_bbp_reply_count":0,"_bbp_total_topic_count":0,"_bbp_total_reply_count":0,"_bbp_voice_count":0,"_bbp_anonymous_reply_count":0,"_bbp_topic_count_hidden":0,"_bbp_reply_count_hidden":0,"_bbp_forum_subforum_count":0,"site-sidebar-layout":"default","site-content-layout":"","ast-site-content-layout":"","site-content-style":"default","site-sidebar-style":"default","ast-global-header-display":"","ast-banner-title-visibility":"","ast-main-header-display":"","ast-hfb-above-header-display":"","ast-hfb-below-header-display":"","ast-hfb-mobile-header-display":"","site-post-title":"","ast-breadcrumbs-content":"","ast-featured-img":"","footer-sml-layout":"","theme-transparent-header-meta":"","adv-header-id-meta":"","stick-header-meta":"","header-above-stick-meta":"","header-main-stick-meta":"","header-below-stick-meta":"","astra-migrate-meta-layouts":"default","ast-page-background-enabled":"default","ast-page-background-meta":{"desktop":{"background-color":"var(--ast-global-color-4)","background-image":"","background-repeat":"repeat","background-position":"center center","background-size":"auto","background-attachment":"scroll","background-type":"","background-media":"","overlay-type":"","overlay-color":"","overlay-opacity":"","overlay-gradient":""},"tablet":{"background-color":"","background-image":"","background-repeat":"repeat","background-position":"center center","background-size":"auto","background-attachment":"scroll","background-type":"","background-media":"","overlay-type":"","overlay-color":"","overlay-opacity":"","overlay-gradient":""},"mobile":{"background-color":"","background-image":"","background-repeat":"repeat","background-position":"center center","background-size":"auto","background-attachment":"scroll","background-type":"","background-media":"","overlay-type":"","overlay-color":"","overlay-opacity":"","overlay-gradient":""}},"ast-content-background-meta":{"desktop":{"background-color":"var(--ast-global-color-5)","background-image":"","background-repeat":"repeat","background-position":"center center","background-size":"auto","background-attachment":"scroll","background-type":"","background-media":"","overlay-type":"","overlay-color":"","overlay-opacity":"","overlay-gradient":""},"tablet":{"background-color":"var(--ast-global-color-5)","background-image":"","background-repeat":"repeat","background-position":"center center","background-size":"auto","background-attachment":"scroll","background-type":"","background-media":"","overlay-type":"","overlay-color":"","overlay-opacity":"","overlay-gradient":""},"mobile":{"background-color":"var(--ast-global-color-5)","background-image":"","background-repeat":"repeat","background-position":"center center","background-size":"auto","background-attachment":"scroll","background-type":"","background-media":"","overlay-type":"","overlay-color":"","overlay-opacity":"","overlay-gradient":""}},"footnotes":""},"categories":[63],"tags":[],"class_list":["post-10338","post","type-post","status-publish","format-standard","hentry","category-cicleinicial"],"post_mailing_queue_ids":[],"_links":{"self":[{"href":"https:\/\/agora.xtec.cat\/escgaspardeportola\/wp-json\/wp\/v2\/posts\/10338","targetHints":{"allow":["GET"]}}],"collection":[{"href":"https:\/\/agora.xtec.cat\/escgaspardeportola\/wp-json\/wp\/v2\/posts"}],"about":[{"href":"https:\/\/agora.xtec.cat\/escgaspardeportola\/wp-json\/wp\/v2\/types\/post"}],"author":[{"embeddable":true,"href":"https:\/\/agora.xtec.cat\/escgaspardeportola\/wp-json\/wp\/v2\/users\/50"}],"replies":[{"embeddable":true,"href":"https:\/\/agora.xtec.cat\/escgaspardeportola\/wp-json\/wp\/v2\/comments?post=10338"}],"version-history":[{"count":1,"href":"https:\/\/agora.xtec.cat\/escgaspardeportola\/wp-json\/wp\/v2\/posts\/10338\/revisions"}],"predecessor-version":[{"id":10339,"href":"https:\/\/agora.xtec.cat\/escgaspardeportola\/wp-json\/wp\/v2\/posts\/10338\/revisions\/10339"}],"wp:attachment":[{"href":"https:\/\/agora.xtec.cat\/escgaspardeportola\/wp-json\/wp\/v2\/media?parent=10338"}],"wp:term":[{"taxonomy":"category","embeddable":true,"href":"https:\/\/agora.xtec.cat\/escgaspardeportola\/wp-json\/wp\/v2\/categories?post=10338"},{"taxonomy":"post_tag","embeddable":true,"href":"https:\/\/agora.xtec.cat\/escgaspardeportola\/wp-json\/wp\/v2\/tags?post=10338"}],"curies":[{"name":"wp","href":"https:\/\/api.w.org\/{rel}","templated":true}]}}