{"id":10278,"date":"2025-03-28T09:02:19","date_gmt":"2025-03-28T08:02:19","guid":{"rendered":"https:\/\/agora.xtec.cat\/escgaspardeportola\/?p=10278"},"modified":"2025-03-28T09:02:19","modified_gmt":"2025-03-28T08:02:19","slug":"auditori-i-la-seu-vella","status":"publish","type":"post","link":"https:\/\/agora.xtec.cat\/escgaspardeportola\/ciclemitja\/auditori-i-la-seu-vella\/","title":{"rendered":"Auditori i la Seu Vella"},"content":{"rendered":"<p><a href=\"https:\/\/drive.google.com\/drive\/folders\/103BBqr_LU3jcB-q3Dh7qE2ZI-E8mANhV?usp=sharing\"><img loading=\"lazy\" decoding=\"async\" class=\"wp-image-10280 aligncenter\" src=\"https:\/\/agora.xtec.cat\/escgaspardeportola\/wp-content\/uploads\/usu555\/2025\/03\/auditori.jpg\" alt=\"\" width=\"343\" height=\"257\" srcset=\"https:\/\/agora.xtec.cat\/escgaspardeportola\/wp-content\/uploads\/usu555\/2025\/03\/auditori.jpg 448w, https:\/\/agora.xtec.cat\/escgaspardeportola\/wp-content\/uploads\/usu555\/2025\/03\/auditori-300x225.jpg 300w, https:\/\/agora.xtec.cat\/escgaspardeportola\/wp-content\/uploads\/usu555\/2025\/03\/auditori-200x150.jpg 200w\" sizes=\"auto, (max-width: 343px) 100vw, 343px\" \/><\/a><\/p>\n<p>Dijous 27 de mar\u00e7 l&#8217;alumnat de quart de l&#8217;escola va anar en tren a l&#8217;Auditori Enric Granados de Lleida a gaudir de l&#8217;espectacle:<\/p>\n<h6 class=\"entry-title main_title titolevent\">BUFA&amp;SONS. World music amb instruments extra-ordinaris.<\/h6>\n<p>Vam poder escoltar m\u00fasica a partir d&#8217;objectes quotidians:una regadora, una escala o fins i tot amb una tanca. Unes exquisides composicions musicals que van des del blues, el jazz i la m\u00fasica popular, fins a les creacions originals de la banda, interpretades amb instruments impossibles com un totxo, una crossa, una cadira, un escombra, una oliva,\u2026 i molts d\u2019altres.<\/p>\n<p>A l&#8217;acabar vam pujar fins a la Seu Vella. All\u00ed vam observar i con\u00e8ixer alguns dels seus aspectes arquitect\u00f2nics i fins i tot la llegenda de la mare de D\u00e9u del Blau. Despr\u00e9s vam fer la visita al claustre.<\/p>\n<p>Vam dinar en un parc dela vora de la Seu Vella i vam baixar cap al carrer Major fins a l&#8217;estaci\u00f3 de trens per retornar a Balaguer.<\/p>\n<p>&nbsp;<\/p>\n","protected":false},"excerpt":{"rendered":"<p>Dijous 27 de mar\u00e7 l&#8217;alumnat de quart de l&#8217;escola va anar en tren a l&#8217;Auditori Enric Granados de Lleida a gaudir de l&#8217;espectacle: BUFA&amp;SONS. World music amb instruments extra-ordinaris. Vam poder escoltar m\u00fasica a partir d&#8217;objectes quotidians:una regadora, una escala o fins i tot amb una tanca. Unes exquisides composicions musicals que van des del [&hellip;]<\/p>\n","protected":false},"author":12,"featured_media":0,"comment_status":"open","ping_status":"closed","sticky":false,"template":"","format":"standard","meta":{"_bbp_topic_count":0,"_bbp_reply_count":0,"_bbp_total_topic_count":0,"_bbp_total_reply_count":0,"_bbp_voice_count":0,"_bbp_anonymous_reply_count":0,"_bbp_topic_count_hidden":0,"_bbp_reply_count_hidden":0,"_bbp_forum_subforum_count":0,"site-sidebar-layout":"default","site-content-layout":"","ast-site-content-layout":"","site-content-style":"default","site-sidebar-style":"default","ast-global-header-display":"","ast-banner-title-visibility":"","ast-main-header-display":"","ast-hfb-above-header-display":"","ast-hfb-below-header-display":"","ast-hfb-mobile-header-display":"","site-post-title":"","ast-breadcrumbs-content":"","ast-featured-img":"","footer-sml-layout":"","theme-transparent-header-meta":"","adv-header-id-meta":"","stick-header-meta":"","header-above-stick-meta":"","header-main-stick-meta":"","header-below-stick-meta":"","astra-migrate-meta-layouts":"default","ast-page-background-enabled":"default","ast-page-background-meta":{"desktop":{"background-color":"var(--ast-global-color-4)","background-image":"","background-repeat":"repeat","background-position":"center center","background-size":"auto","background-attachment":"scroll","background-type":"","background-media":"","overlay-type":"","overlay-color":"","overlay-opacity":"","overlay-gradient":""},"tablet":{"background-color":"","background-image":"","background-repeat":"repeat","background-position":"center center","background-size":"auto","background-attachment":"scroll","background-type":"","background-media":"","overlay-type":"","overlay-color":"","overlay-opacity":"","overlay-gradient":""},"mobile":{"background-color":"","background-image":"","background-repeat":"repeat","background-position":"center center","background-size":"auto","background-attachment":"scroll","background-type":"","background-media":"","overlay-type":"","overlay-color":"","overlay-opacity":"","overlay-gradient":""}},"ast-content-background-meta":{"desktop":{"background-color":"var(--ast-global-color-5)","background-image":"","background-repeat":"repeat","background-position":"center center","background-size":"auto","background-attachment":"scroll","background-type":"","background-media":"","overlay-type":"","overlay-color":"","overlay-opacity":"","overlay-gradient":""},"tablet":{"background-color":"var(--ast-global-color-5)","background-image":"","background-repeat":"repeat","background-position":"center center","background-size":"auto","background-attachment":"scroll","background-type":"","background-media":"","overlay-type":"","overlay-color":"","overlay-opacity":"","overlay-gradient":""},"mobile":{"background-color":"var(--ast-global-color-5)","background-image":"","background-repeat":"repeat","background-position":"center center","background-size":"auto","background-attachment":"scroll","background-type":"","background-media":"","overlay-type":"","overlay-color":"","overlay-opacity":"","overlay-gradient":""}},"footnotes":""},"categories":[60],"tags":[392,360,313],"class_list":["post-10278","post","type-post","status-publish","format-standard","hentry","category-ciclemitja","tag-auditori","tag-ciclemitja","tag-seu-vella"],"post_mailing_queue_ids":[],"_links":{"self":[{"href":"https:\/\/agora.xtec.cat\/escgaspardeportola\/wp-json\/wp\/v2\/posts\/10278","targetHints":{"allow":["GET"]}}],"collection":[{"href":"https:\/\/agora.xtec.cat\/escgaspardeportola\/wp-json\/wp\/v2\/posts"}],"about":[{"href":"https:\/\/agora.xtec.cat\/escgaspardeportola\/wp-json\/wp\/v2\/types\/post"}],"author":[{"embeddable":true,"href":"https:\/\/agora.xtec.cat\/escgaspardeportola\/wp-json\/wp\/v2\/users\/12"}],"replies":[{"embeddable":true,"href":"https:\/\/agora.xtec.cat\/escgaspardeportola\/wp-json\/wp\/v2\/comments?post=10278"}],"version-history":[{"count":2,"href":"https:\/\/agora.xtec.cat\/escgaspardeportola\/wp-json\/wp\/v2\/posts\/10278\/revisions"}],"predecessor-version":[{"id":10281,"href":"https:\/\/agora.xtec.cat\/escgaspardeportola\/wp-json\/wp\/v2\/posts\/10278\/revisions\/10281"}],"wp:attachment":[{"href":"https:\/\/agora.xtec.cat\/escgaspardeportola\/wp-json\/wp\/v2\/media?parent=10278"}],"wp:term":[{"taxonomy":"category","embeddable":true,"href":"https:\/\/agora.xtec.cat\/escgaspardeportola\/wp-json\/wp\/v2\/categories?post=10278"},{"taxonomy":"post_tag","embeddable":true,"href":"https:\/\/agora.xtec.cat\/escgaspardeportola\/wp-json\/wp\/v2\/tags?post=10278"}],"curies":[{"name":"wp","href":"https:\/\/api.w.org\/{rel}","templated":true}]}}