{"id":10271,"date":"2025-04-09T22:50:04","date_gmt":"2025-04-09T20:50:04","guid":{"rendered":"https:\/\/agora.xtec.cat\/escgaspardeportola\/?p=10271"},"modified":"2025-04-24T10:06:55","modified_gmt":"2025-04-24T08:06:55","slug":"el-projecte-gaspart-school-revista-digital-sobre-el-pas-del-temps","status":"publish","type":"post","link":"https:\/\/agora.xtec.cat\/escgaspardeportola\/portada\/el-projecte-gaspart-school-revista-digital-sobre-el-pas-del-temps\/","title":{"rendered":"El Projecte GASPART School: Revista Digital sobre el Pas del Temps"},"content":{"rendered":"<article class=\"group\/turn w-full text-token-text-primary focus-visible:outline-2 focus-visible:outline-offset-[-4px]\" dir=\"auto\" tabindex=\"-1\" data-testid=\"conversation-turn-22\" data-scroll-anchor=\"true\">\n<div class=\"text-base my-auto mx-auto py-[18px] px-6\">\n<div class=\"mx-auto flex flex-1 text-base gap-4 md:gap-5 lg:gap-6 md:max-w-3xl\">\n<div class=\"group\/conversation-turn relative flex w-full min-w-0 flex-col agent-turn @xs\/thread:px-0 @sm\/thread:px-1.5 @md\/thread:px-4\">\n<div class=\"flex-col gap-1 md:gap-3\">\n<div class=\"flex max-w-full flex-col flex-grow\">\n<div class=\"min-h-8 text-message relative flex w-full flex-col items-end gap-2 whitespace-normal break-words text-start [.text-message+&amp;]:mt-5\" dir=\"auto\" data-message-author-role=\"assistant\" data-message-id=\"ed48a78c-8569-46ca-909b-f80cc019663e\" data-message-model-slug=\"gpt-4o-mini\">\n<div class=\"flex w-full flex-col gap-1 empty:hidden first:pt-[3px]\">\n<div class=\"markdown prose w-full break-words dark:prose-invert light\">\n<p class=\"\" data-start=\"89\" data-end=\"583\">Durant el segon trimestre, els alumnes de cinqu\u00e8 i sis\u00e8 de l\u2019escola Gaspar de Portol\u00e0 de Balaguer han estat immersos en una situaci\u00f3 d\u2019aprenentatge emocionant i molt creativa, dins del <em data-start=\"274\" data-end=\"299\">Projecte GASPART School<\/em>, que porta com a tem\u00e0tica central el <em data-start=\"337\" data-end=\"352\">pas del temps<\/em>. Aquesta activitat no nom\u00e9s els ha perm\u00e8s desenvolupar les seves habilitats de redacci\u00f3, disseny i treball en equip, sin\u00f3 que tamb\u00e9 els ha ajudat a aprofundir en un tema molt rellevant a trav\u00e9s de la creaci\u00f3 d&#8217;una revista digital.<\/p>\n<p class=\"\" data-start=\"585\" data-end=\"618\"><strong data-start=\"585\" data-end=\"618\">Creaci\u00f3 de la Revista Digital<\/strong><\/p>\n<p class=\"\" data-start=\"620\" data-end=\"1035\">Els alumnes han estat treballant en grups per dissenyar i crear una revista digital, que tracta temes relacionats amb el pas del temps. Per fer-ho encara m\u00e9s interessant, es va organitzar un concurs entre els alumnes per triar la portada de la revista. Aquest proc\u00e9s va fomentar la creativitat i el treball col\u00b7laboratiu entre els alumnes.<\/p>\n<p class=\"\" data-start=\"1037\" data-end=\"1452\">La revista no nom\u00e9s inclou una editorial on els alumnes expressen les seves reflexions sobre el pas del temps, sin\u00f3 tamb\u00e9 una s\u00e8rie d\u2019articles escrits pels propis estudiants sobre aquest concepte, abordant-lo des de diferents perspectives. A m\u00e9s, han creat passatemps divertits i din\u00e0mics relacionats amb el tema, com creuar paraules, jocs de l\u00f2gica i endevinalles, per fer la revista m\u00e9s atractiva per als lectors.<\/p>\n<p class=\"\" data-start=\"1454\" data-end=\"1502\"><strong data-start=\"1454\" data-end=\"1502\">Difusi\u00f3 a trav\u00e9s de la biblioteca, la p\u00e0gina web i les maletes viatgeres.<\/strong><\/p>\n<p class=\"\" data-start=\"1504\" data-end=\"1899\">Un cop finalitzada la revista digital, aquesta ser\u00e0 difosa a trav\u00e9s de la p\u00e0gina web de l\u2019escola i tamb\u00e9 es distribuir\u00e0 dins de l\u2019escola perqu\u00e8 tots els alumnes puguin gaudir de la seva lectura. L&#8217;objectiu \u00e9s que tots els membres de la comunitat educativa tinguin l&#8217;oportunitat de con\u00e8ixer el treball realitzat pels alumnes i reflexionar sobre el pas del temps d&#8217;una manera creativa i divertida.<\/p>\n<p class=\"\" data-start=\"1956\" data-end=\"2386\">A m\u00e9s de la difusi\u00f3 digital, la revista es far\u00e0 imprimir en format paper per ser inclosa dins de les maletes viatgeres de cada curs. Aquestes maletes, que viatgen entre les fam\u00edlies dels alumnes, permetran que els nens i nenes tamb\u00e9 puguin llegir la revista a casa, compartint-la amb els seus familiars. Aix\u00f2 afavoreix la implicaci\u00f3 de les fam\u00edlies en el projecte i els convida a reflexionar junts sobre el tema del pas del temps.<\/p>\n<p class=\"\" data-start=\"2388\" data-end=\"2422\"><strong data-start=\"2388\" data-end=\"2422\">Un Projecte Educatiu i Creatiu<\/strong><\/p>\n<p class=\"\" data-start=\"2424\" data-end=\"2892\">Aquesta situaci\u00f3 d\u2019aprenentatge ha estat una gran oportunitat perqu\u00e8 els alumnes de cinqu\u00e8 i sis\u00e8 treballin junts en un projecte transversal que combina diferents disciplines com la redacci\u00f3, el disseny, la reflexi\u00f3 sobre la hist\u00f2ria, el temps i la cultura. A trav\u00e9s de la creaci\u00f3 d\u2019aquesta revista, els estudiants han pogut expressar les seves opinions, treballar en equip i, sobretot, gaudir del proc\u00e9s creatiu, un reflex del seu aprenentatge al llarg del trimestre.<\/p>\n<p class=\"\" data-start=\"2894\" data-end=\"3203\">Sens dubte, el <em data-start=\"2909\" data-end=\"2934\">Projecte GASPART School<\/em> continuar\u00e0 inspirant els alumnes a explorar noves formes de coneixement i expressi\u00f3, mentre es fomenta la participaci\u00f3 activa de tota la comunitat escolar. Una experi\u00e8ncia que queda registrada no nom\u00e9s a la revista, sin\u00f3 tamb\u00e9 en les mem\u00f2ries de tots els participants!<\/p>\n<\/div>\n<\/div>\n<\/div>\n<\/div>\n<div class=\"mb-2 flex gap-3 -ml-2\">\n<div class=\"flex items-center justify-start rounded-xl p-1\">\n<div class=\"flex items-center\">Us volem compartir la nostra feina en el seg\u00fcent\u00a0 <a href=\"https:\/\/drive.google.com\/file\/d\/14GjLM3PGK08LGh67c8x3C1zDk6Pq6S85\/view?usp=sharing\">ENLLA\u00c7<\/a>. Esperem que la gaudiu!<\/div>\n<\/div>\n<\/div>\n<\/div>\n<\/div>\n<\/div>\n<\/div>\n<div><\/div>\n<div class=\"text-base my-auto mx-auto py-[18px] px-6\">\n<div class=\"mx-auto flex flex-1 text-base gap-4 md:gap-5 lg:gap-6 md:max-w-3xl\">\n<div class=\"group\/conversation-turn relative flex w-full min-w-0 flex-col agent-turn @xs\/thread:px-0 @sm\/thread:px-1.5 @md\/thread:px-4\">\n<div class=\"flex items-center justify-center\"><a href=\"https:\/\/drive.google.com\/file\/d\/14GjLM3PGK08LGh67c8x3C1zDk6Pq6S85\/view?usp=sharing\"><img loading=\"lazy\" decoding=\"async\" class=\"alignnone size-thumbnail wp-image-10355\" src=\"https:\/\/agora.xtec.cat\/escgaspardeportola\/wp-content\/uploads\/usu555\/2025\/03\/PORTADA-REVISTA-213x300.jpg\" alt=\"\" width=\"213\" height=\"300\" srcset=\"https:\/\/agora.xtec.cat\/escgaspardeportola\/wp-content\/uploads\/usu555\/2025\/03\/PORTADA-REVISTA-213x300.jpg 213w, https:\/\/agora.xtec.cat\/escgaspardeportola\/wp-content\/uploads\/usu555\/2025\/03\/PORTADA-REVISTA.jpg 678w\" sizes=\"auto, (max-width: 213px) 100vw, 213px\" \/><\/a><\/div>\n<\/div>\n<\/div>\n<\/div>\n<\/article>\n<div class=\"pointer-events-none h-px w-px\" aria-hidden=\"true\" data-edge=\"true\"><\/div>\n<p><!----comment node----><!--a=1--><\/p>\n","protected":false},"excerpt":{"rendered":"<p>Durant el segon trimestre, els alumnes de cinqu\u00e8 i sis\u00e8 de l\u2019escola Gaspar de Portol\u00e0 de Balaguer han estat immersos en una situaci\u00f3 d\u2019aprenentatge emocionant i molt creativa, dins del Projecte GASPART School, que porta com a tem\u00e0tica central el pas del temps. Aquesta activitat no nom\u00e9s els ha perm\u00e8s desenvolupar les seves habilitats de [&hellip;]<\/p>\n","protected":false},"author":24,"featured_media":10355,"comment_status":"closed","ping_status":"closed","sticky":false,"template":"","format":"standard","meta":{"_bbp_topic_count":0,"_bbp_reply_count":0,"_bbp_total_topic_count":0,"_bbp_total_reply_count":0,"_bbp_voice_count":0,"_bbp_anonymous_reply_count":0,"_bbp_topic_count_hidden":0,"_bbp_reply_count_hidden":0,"_bbp_forum_subforum_count":0,"site-sidebar-layout":"default","site-content-layout":"","ast-site-content-layout":"","site-content-style":"default","site-sidebar-style":"default","ast-global-header-display":"","ast-banner-title-visibility":"","ast-main-header-display":"","ast-hfb-above-header-display":"","ast-hfb-below-header-display":"","ast-hfb-mobile-header-display":"","site-post-title":"","ast-breadcrumbs-content":"","ast-featured-img":"","footer-sml-layout":"","theme-transparent-header-meta":"","adv-header-id-meta":"","stick-header-meta":"","header-above-stick-meta":"","header-main-stick-meta":"","header-below-stick-meta":"","astra-migrate-meta-layouts":"default","ast-page-background-enabled":"default","ast-page-background-meta":{"desktop":{"background-color":"var(--ast-global-color-4)","background-image":"","background-repeat":"repeat","background-position":"center center","background-size":"auto","background-attachment":"scroll","background-type":"","background-media":"","overlay-type":"","overlay-color":"","overlay-opacity":"","overlay-gradient":""},"tablet":{"background-color":"","background-image":"","background-repeat":"repeat","background-position":"center center","background-size":"auto","background-attachment":"scroll","background-type":"","background-media":"","overlay-type":"","overlay-color":"","overlay-opacity":"","overlay-gradient":""},"mobile":{"background-color":"","background-image":"","background-repeat":"repeat","background-position":"center center","background-size":"auto","background-attachment":"scroll","background-type":"","background-media":"","overlay-type":"","overlay-color":"","overlay-opacity":"","overlay-gradient":""}},"ast-content-background-meta":{"desktop":{"background-color":"var(--ast-global-color-5)","background-image":"","background-repeat":"repeat","background-position":"center center","background-size":"auto","background-attachment":"scroll","background-type":"","background-media":"","overlay-type":"","overlay-color":"","overlay-opacity":"","overlay-gradient":""},"tablet":{"background-color":"var(--ast-global-color-5)","background-image":"","background-repeat":"repeat","background-position":"center center","background-size":"auto","background-attachment":"scroll","background-type":"","background-media":"","overlay-type":"","overlay-color":"","overlay-opacity":"","overlay-gradient":""},"mobile":{"background-color":"var(--ast-global-color-5)","background-image":"","background-repeat":"repeat","background-position":"center center","background-size":"auto","background-attachment":"scroll","background-type":"","background-media":"","overlay-type":"","overlay-color":"","overlay-opacity":"","overlay-gradient":""}},"footnotes":""},"categories":[290,321,4,347],"tags":[],"class_list":["post-10271","post","type-post","status-publish","format-standard","has-post-thumbnail","hentry","category-cicle-superior","category-gaspartschool","category-portada","category-revista"],"post_mailing_queue_ids":[],"_links":{"self":[{"href":"https:\/\/agora.xtec.cat\/escgaspardeportola\/wp-json\/wp\/v2\/posts\/10271","targetHints":{"allow":["GET"]}}],"collection":[{"href":"https:\/\/agora.xtec.cat\/escgaspardeportola\/wp-json\/wp\/v2\/posts"}],"about":[{"href":"https:\/\/agora.xtec.cat\/escgaspardeportola\/wp-json\/wp\/v2\/types\/post"}],"author":[{"embeddable":true,"href":"https:\/\/agora.xtec.cat\/escgaspardeportola\/wp-json\/wp\/v2\/users\/24"}],"replies":[{"embeddable":true,"href":"https:\/\/agora.xtec.cat\/escgaspardeportola\/wp-json\/wp\/v2\/comments?post=10271"}],"version-history":[{"count":2,"href":"https:\/\/agora.xtec.cat\/escgaspardeportola\/wp-json\/wp\/v2\/posts\/10271\/revisions"}],"predecessor-version":[{"id":10356,"href":"https:\/\/agora.xtec.cat\/escgaspardeportola\/wp-json\/wp\/v2\/posts\/10271\/revisions\/10356"}],"wp:featuredmedia":[{"embeddable":true,"href":"https:\/\/agora.xtec.cat\/escgaspardeportola\/wp-json\/wp\/v2\/media\/10355"}],"wp:attachment":[{"href":"https:\/\/agora.xtec.cat\/escgaspardeportola\/wp-json\/wp\/v2\/media?parent=10271"}],"wp:term":[{"taxonomy":"category","embeddable":true,"href":"https:\/\/agora.xtec.cat\/escgaspardeportola\/wp-json\/wp\/v2\/categories?post=10271"},{"taxonomy":"post_tag","embeddable":true,"href":"https:\/\/agora.xtec.cat\/escgaspardeportola\/wp-json\/wp\/v2\/tags?post=10271"}],"curies":[{"name":"wp","href":"https:\/\/api.w.org\/{rel}","templated":true}]}}