{"id":10269,"date":"2025-03-30T16:10:12","date_gmt":"2025-03-30T14:10:12","guid":{"rendered":"https:\/\/agora.xtec.cat\/escgaspardeportola\/?p=10269"},"modified":"2025-03-30T16:19:35","modified_gmt":"2025-03-30T14:19:35","slug":"descobrint-la-ciencia-i-el-modernisme","status":"publish","type":"post","link":"https:\/\/agora.xtec.cat\/escgaspardeportola\/cicle-superior\/descobrint-la-ciencia-i-el-modernisme\/","title":{"rendered":"Descobrint la Ci\u00e8ncia i el Modernisme"},"content":{"rendered":"<p data-start=\"99\" data-end=\"400\"><img loading=\"lazy\" decoding=\"async\" class=\"alignnone size-thumbnail wp-image-10300\" src=\"https:\/\/agora.xtec.cat\/escgaspardeportola\/wp-content\/uploads\/usu555\/2025\/03\/IMG_1929-300x225.jpeg\" alt=\"\" width=\"300\" height=\"225\" srcset=\"https:\/\/agora.xtec.cat\/escgaspardeportola\/wp-content\/uploads\/usu555\/2025\/03\/IMG_1929-300x225.jpeg 300w, https:\/\/agora.xtec.cat\/escgaspardeportola\/wp-content\/uploads\/usu555\/2025\/03\/IMG_1929-1024x768.jpeg 1024w, https:\/\/agora.xtec.cat\/escgaspardeportola\/wp-content\/uploads\/usu555\/2025\/03\/IMG_1929-768x576.jpeg 768w, https:\/\/agora.xtec.cat\/escgaspardeportola\/wp-content\/uploads\/usu555\/2025\/03\/IMG_1929-200x150.jpeg 200w, https:\/\/agora.xtec.cat\/escgaspardeportola\/wp-content\/uploads\/usu555\/2025\/03\/IMG_1929.jpeg 1428w\" sizes=\"auto, (max-width: 300px) 100vw, 300px\" \/><\/p>\n<p data-start=\"99\" data-end=\"400\">Els alumnes de Cicle Superior de l\u2019escola Gaspar de Portol\u00e0 van tenir l&#8217;oportunitat de gaudir d&#8217;una jornada cultural i educativa a Barcelona, una sortida que va combinar el coneixement de la ci\u00e8ncia i la hist\u00f2ria amb l&#8217;aprofundiment en el modernisme, un dels continguts destacats que treballarem el tercer trimestre.<\/p>\n<p class=\"\" data-start=\"402\" data-end=\"456\"><strong data-start=\"402\" data-end=\"456\">Mat\u00ed al CosmoCaixa: Un Viatge al M\u00f3n de la Ci\u00e8ncia<\/strong><\/p>\n<p class=\"\" data-start=\"458\" data-end=\"956\">La jornada va comen\u00e7ar al mat\u00ed amb la visita al <em data-start=\"506\" data-end=\"518\">CosmoCaixa<\/em>, el Museu de la Ci\u00e8ncia de Barcelona. Els alumnes van poder submergir-se en un m\u00f3n de descobriments i experi\u00e8ncies interactives que els van permetre explorar els secrets de la natura, l\u2019univers i la tecnologia. Entre les diferents exposicions, van gaudir de l\u2019Aventura de la Ci\u00e8ncia, l\u2019espai dedicat a la divulgaci\u00f3 cient\u00edfica, i el Bosc Inundat, una recreaci\u00f3 d\u2019un ecosistema tropical que els va sorprendre per la seva espectacularitat. Tamb\u00e9 van poder experimentar mitjan\u00e7ant tallers pr\u00e0ctics sobre temes treballats durant el curs.<\/p>\n<p class=\"\" data-start=\"958\" data-end=\"1243\">El CosmoCaixa \u00e9s un lloc ideal per apropar els alumnes a la ci\u00e8ncia de manera l\u00fadica i pr\u00e0ctica, facilitant la comprensi\u00f3 d&#8217;alguns dels conceptes que els alumnes treballaran al llarg del trimestre. Aquesta visita va ser, sens dubte, una manera divertida i educativa de comen\u00e7ar el dia.<\/p>\n<p class=\"\" data-start=\"1245\" data-end=\"1306\"><strong data-start=\"1245\" data-end=\"1306\">Tarda a la Sagrada Fam\u00edlia: Una Introducci\u00f3 al Modernisme<\/strong><\/p>\n<p class=\"\" data-start=\"1308\" data-end=\"1677\">A la tarda, els alumnes es van despla\u00e7ar fins a la <em data-start=\"1359\" data-end=\"1376\">Sagrada Fam\u00edlia<\/em>, una de les obres m\u00e9s emblem\u00e0tiques de l&#8217;arquitecte Antoni Gaud\u00ed i una icona mundial del modernisme. Aquesta visita va ser especialment rellevant per als alumnes, ja que els permetria treballar m\u00e9s profundament el modernisme com a part de la seva <em data-start=\"1624\" data-end=\"1649\">situaci\u00f3 d\u2019aprenentatge<\/em> durant el tercer trimestre.<\/p>\n<p class=\"\" data-start=\"1679\" data-end=\"2109\">Els estudiants van quedar fascinats per les formes naturals i innovadores que caracteritzen la bas\u00edlica, i els guies els van explicar en detall la hist\u00f2ria d\u2019aquesta obra mestra, aix\u00ed com la simbologia que amaga cada detall arquitect\u00f2nic. Aquesta visita va ser una introducci\u00f3 pr\u00e0ctica a l&#8217;art modernista, ajudant-los a entendre com Gaud\u00ed va trencar amb les convencions arquitect\u00f2niques de l\u2019\u00e8poca per crear una obra \u00fanica al m\u00f3n.<\/p>\n<p class=\"\" data-start=\"2111\" data-end=\"2158\"><strong data-start=\"2111\" data-end=\"2158\">Tornada a l\u2019Escola: Reflexi\u00f3 i Aprenentatge<\/strong><\/p>\n<p class=\"\" data-start=\"2160\" data-end=\"2533\">Despr\u00e9s d\u2019aquesta intensa jornada de coneixements i descobriments, els alumnes van tornar a l&#8217;escola, on van poder reflexionar sobre tot el que havien apr\u00e8s durant el dia. Les experi\u00e8ncies viscudes a <em data-start=\"2360\" data-end=\"2372\">CosmoCaixa<\/em> i a la <em data-start=\"2380\" data-end=\"2397\">Sagrada Fam\u00edlia<\/em> seran un punt de partida per treballar els continguts de ci\u00e8ncia i art al llarg del trimestre, especialment el modernisme, a les aules.<\/p>\n<p class=\"\" data-start=\"2535\" data-end=\"2771\">Aquesta sortida va ser una gran oportunitat per als alumnes de Cicle Superior per connectar amb els temes que estan estudiant, i sens dubte, els ajudar\u00e0 a aprofundir en els continguts del tercer trimestre de manera pr\u00e0ctica i vivencial.<\/p>\n<p class=\"\" data-start=\"2773\" data-end=\"2889\">Una jornada plena d\u2019aprenentatge i moments inoblidables, que quedar\u00e0 gravada en la mem\u00f2ria de tots els participants.<\/p>\n<p data-start=\"2773\" data-end=\"2889\">En el seg\u00fcent <a href=\"https:\/\/drive.google.com\/drive\/folders\/1Py7DYIo5k-SocqugH29_OQk_lTcoxRzd?usp=sharing\">ENLLA\u00c7<\/a> us en deixem m\u00e9s imatges<\/p>\n<p><!--a=1--><\/p>\n<p><!--a=1--><\/p>\n<p><!--a=1--><\/p>\n<p><!--a=1--><\/p>\n","protected":false},"excerpt":{"rendered":"<p>Els alumnes de Cicle Superior de l\u2019escola Gaspar de Portol\u00e0 van tenir l&#8217;oportunitat de gaudir d&#8217;una jornada cultural i educativa a Barcelona, una sortida que va combinar el coneixement de la ci\u00e8ncia i la hist\u00f2ria amb l&#8217;aprofundiment en el modernisme, un dels continguts destacats que treballarem el tercer trimestre. Mat\u00ed al CosmoCaixa: Un Viatge al [&hellip;]<\/p>\n","protected":false},"author":24,"featured_media":10296,"comment_status":"closed","ping_status":"closed","sticky":false,"template":"","format":"standard","meta":{"_bbp_topic_count":0,"_bbp_reply_count":0,"_bbp_total_topic_count":0,"_bbp_total_reply_count":0,"_bbp_voice_count":0,"_bbp_anonymous_reply_count":0,"_bbp_topic_count_hidden":0,"_bbp_reply_count_hidden":0,"_bbp_forum_subforum_count":0,"site-sidebar-layout":"default","site-content-layout":"","ast-site-content-layout":"","site-content-style":"default","site-sidebar-style":"default","ast-global-header-display":"","ast-banner-title-visibility":"","ast-main-header-display":"","ast-hfb-above-header-display":"","ast-hfb-below-header-display":"","ast-hfb-mobile-header-display":"","site-post-title":"","ast-breadcrumbs-content":"","ast-featured-img":"","footer-sml-layout":"","theme-transparent-header-meta":"","adv-header-id-meta":"","stick-header-meta":"","header-above-stick-meta":"","header-main-stick-meta":"","header-below-stick-meta":"","astra-migrate-meta-layouts":"default","ast-page-background-enabled":"default","ast-page-background-meta":{"desktop":{"background-color":"var(--ast-global-color-4)","background-image":"","background-repeat":"repeat","background-position":"center center","background-size":"auto","background-attachment":"scroll","background-type":"","background-media":"","overlay-type":"","overlay-color":"","overlay-opacity":"","overlay-gradient":""},"tablet":{"background-color":"","background-image":"","background-repeat":"repeat","background-position":"center center","background-size":"auto","background-attachment":"scroll","background-type":"","background-media":"","overlay-type":"","overlay-color":"","overlay-opacity":"","overlay-gradient":""},"mobile":{"background-color":"","background-image":"","background-repeat":"repeat","background-position":"center center","background-size":"auto","background-attachment":"scroll","background-type":"","background-media":"","overlay-type":"","overlay-color":"","overlay-opacity":"","overlay-gradient":""}},"ast-content-background-meta":{"desktop":{"background-color":"var(--ast-global-color-5)","background-image":"","background-repeat":"repeat","background-position":"center center","background-size":"auto","background-attachment":"scroll","background-type":"","background-media":"","overlay-type":"","overlay-color":"","overlay-opacity":"","overlay-gradient":""},"tablet":{"background-color":"var(--ast-global-color-5)","background-image":"","background-repeat":"repeat","background-position":"center center","background-size":"auto","background-attachment":"scroll","background-type":"","background-media":"","overlay-type":"","overlay-color":"","overlay-opacity":"","overlay-gradient":""},"mobile":{"background-color":"var(--ast-global-color-5)","background-image":"","background-repeat":"repeat","background-position":"center center","background-size":"auto","background-attachment":"scroll","background-type":"","background-media":"","overlay-type":"","overlay-color":"","overlay-opacity":"","overlay-gradient":""}},"footnotes":""},"categories":[290],"tags":[],"class_list":["post-10269","post","type-post","status-publish","format-standard","has-post-thumbnail","hentry","category-cicle-superior"],"post_mailing_queue_ids":[],"_links":{"self":[{"href":"https:\/\/agora.xtec.cat\/escgaspardeportola\/wp-json\/wp\/v2\/posts\/10269","targetHints":{"allow":["GET"]}}],"collection":[{"href":"https:\/\/agora.xtec.cat\/escgaspardeportola\/wp-json\/wp\/v2\/posts"}],"about":[{"href":"https:\/\/agora.xtec.cat\/escgaspardeportola\/wp-json\/wp\/v2\/types\/post"}],"author":[{"embeddable":true,"href":"https:\/\/agora.xtec.cat\/escgaspardeportola\/wp-json\/wp\/v2\/users\/24"}],"replies":[{"embeddable":true,"href":"https:\/\/agora.xtec.cat\/escgaspardeportola\/wp-json\/wp\/v2\/comments?post=10269"}],"version-history":[{"count":7,"href":"https:\/\/agora.xtec.cat\/escgaspardeportola\/wp-json\/wp\/v2\/posts\/10269\/revisions"}],"predecessor-version":[{"id":10303,"href":"https:\/\/agora.xtec.cat\/escgaspardeportola\/wp-json\/wp\/v2\/posts\/10269\/revisions\/10303"}],"wp:featuredmedia":[{"embeddable":true,"href":"https:\/\/agora.xtec.cat\/escgaspardeportola\/wp-json\/wp\/v2\/media\/10296"}],"wp:attachment":[{"href":"https:\/\/agora.xtec.cat\/escgaspardeportola\/wp-json\/wp\/v2\/media?parent=10269"}],"wp:term":[{"taxonomy":"category","embeddable":true,"href":"https:\/\/agora.xtec.cat\/escgaspardeportola\/wp-json\/wp\/v2\/categories?post=10269"},{"taxonomy":"post_tag","embeddable":true,"href":"https:\/\/agora.xtec.cat\/escgaspardeportola\/wp-json\/wp\/v2\/tags?post=10269"}],"curies":[{"name":"wp","href":"https:\/\/api.w.org\/{rel}","templated":true}]}}