{"id":10259,"date":"2025-03-19T20:11:51","date_gmt":"2025-03-19T19:11:51","guid":{"rendered":"https:\/\/agora.xtec.cat\/escgaspardeportola\/?p=10259"},"modified":"2025-03-19T20:12:58","modified_gmt":"2025-03-19T19:12:58","slug":"3r-que-en-sabem-del-sistema-solar","status":"publish","type":"post","link":"https:\/\/agora.xtec.cat\/escgaspardeportola\/ciclemitja\/3r-que-en-sabem-del-sistema-solar\/","title":{"rendered":"3r: Qu\u00e8 en sabem del Sistema Solar?"},"content":{"rendered":"<p>L\u2019alumnat de tercer dona per finalitzat el segon projecte de medi sobre el sistema solar. Ha estat un projecte que ha cridat molt l\u2019atenci\u00f3 als nens i nenes.<\/p>\n<p><img loading=\"lazy\" decoding=\"async\" class=\"size-full wp-image-10261\" src=\"https:\/\/agora.xtec.cat\/escgaspardeportola\/wp-content\/uploads\/usu555\/2025\/03\/IMG_20250206_102247.jpg\" alt=\"\" width=\"448\" height=\"336\" srcset=\"https:\/\/agora.xtec.cat\/escgaspardeportola\/wp-content\/uploads\/usu555\/2025\/03\/IMG_20250206_102247.jpg 448w, https:\/\/agora.xtec.cat\/escgaspardeportola\/wp-content\/uploads\/usu555\/2025\/03\/IMG_20250206_102247-300x225.jpg 300w, https:\/\/agora.xtec.cat\/escgaspardeportola\/wp-content\/uploads\/usu555\/2025\/03\/IMG_20250206_102247-200x150.jpg 200w\" sizes=\"auto, (max-width: 448px) 100vw, 448px\" \/><\/p>\n<p>Els infants han investigat molt\u00edssim a trav\u00e9s dels diferents llibres i materials que han portat de casa i mitjan\u00e7ant els chromebooks; cada vegada s\u00f3n m\u00e9s experts en aix\u00f2 de buscar informaci\u00f3 i tamb\u00e9 en l\u2019\u00fas del Classroom, on tamb\u00e9 han hagut de completar-hi alguna tasca relacionada amb els oceans i continents i algunes curiositats. A m\u00e9s a m\u00e9s, els nens i nenes han pogut fer \u00fas de dos telescopis gr\u00e0cies als nostres companys Daniel i David, que molt amablement ens els han portat a l\u2019escola i ens han explicat el seu funcionament. Tamb\u00e9, en Nil ens ha explicat els moviments de la Terra a trav\u00e9s d&#8217;un v\u00eddeo i una maqueta Lego interactiva i en Martin ens ha mostrat les constel\u00b7lacions en un globus terraq\u00fci que s&#8217;il\u00b7luminava en la foscor.<\/p>\n<p><img loading=\"lazy\" decoding=\"async\" class=\"wp-image-10260 alignleft\" src=\"https:\/\/agora.xtec.cat\/escgaspardeportola\/wp-content\/uploads\/usu555\/2025\/03\/univers-5-768x1024.jpeg\" alt=\"\" width=\"353\" height=\"471\" srcset=\"https:\/\/agora.xtec.cat\/escgaspardeportola\/wp-content\/uploads\/usu555\/2025\/03\/univers-5-768x1024.jpeg 768w, https:\/\/agora.xtec.cat\/escgaspardeportola\/wp-content\/uploads\/usu555\/2025\/03\/univers-5-225x300.jpeg 225w, https:\/\/agora.xtec.cat\/escgaspardeportola\/wp-content\/uploads\/usu555\/2025\/03\/univers-5-1152x1536.jpeg 1152w, https:\/\/agora.xtec.cat\/escgaspardeportola\/wp-content\/uploads\/usu555\/2025\/03\/univers-5.jpeg 1536w\" sizes=\"auto, (max-width: 353px) 100vw, 353px\" \/><\/p>\n<p>Sab\u00edeu que la lluna no canvia de forma, que no t\u00e9 llum pr\u00f2pia i que triga 28 dies en donar una volta sencera sobre ella mateixa i sobre la Terra? O que, Nept\u00fa t\u00e9 una temperatura aproximada de -200\u00baC? Sab\u00edeu que Saturn t\u00e9 146 llunes i una d&#8217;elles t\u00e9 una forma molt estranya que s&#8217;assembla al formatge gruy\u00e8re? Sab\u00edeu que a la Lluna pesar\u00edem fins a sis vegades menys i que, aquesta, cada any s\u2019allunya uns quatre cent\u00edmetres de la Terra? I sab\u00edeu que al planeta J\u00fapiter hi ha una gran taca vermella que, en realitat, \u00e9s una tempesta que fa uns 300 anys que dura? I que fa molt poquet se li\u00a0han descobert 12 llunes m\u00e9s, tenint aix\u00ed un total de 92? Aquestes nom\u00e9s s\u00f3n algunes de les moltes curiositats que han descobert tots ells durant aquestes setmanes.<\/p>\n<p>Per acabar, com a producte final, l\u2019alumnat ha realitzat un taller de llum negra on havien de dissenyar el seu planeta imaginari, aquell que pr\u00e8viament havien descrit i imaginat. Tamb\u00e9, han fet l&#8217;exposici\u00f3 oral pertinent davant de la resta de la classe. Quins planetes m\u00e9s originals i sorprenents!<\/p>\n<p>Bona feina!<\/p>\n<p>Aqu\u00ed teniu les <a href=\"https:\/\/drive.google.com\/drive\/folders\/10q6Ka2MCU6B-HUG6mPxjIn6FUqipYepn?usp=sharing\">imatges<\/a> del projecte.<\/p>\n","protected":false},"excerpt":{"rendered":"<p>L\u2019alumnat de tercer dona per finalitzat el segon projecte de medi sobre el sistema solar. Ha estat un projecte que ha cridat molt l\u2019atenci\u00f3 als nens i nenes. Els infants han investigat molt\u00edssim a trav\u00e9s dels diferents llibres i materials que han portat de casa i mitjan\u00e7ant els chromebooks; cada vegada s\u00f3n m\u00e9s experts en [&hellip;]<\/p>\n","protected":false},"author":49,"featured_media":0,"comment_status":"open","ping_status":"closed","sticky":false,"template":"","format":"standard","meta":{"_bbp_topic_count":0,"_bbp_reply_count":0,"_bbp_total_topic_count":0,"_bbp_total_reply_count":0,"_bbp_voice_count":0,"_bbp_anonymous_reply_count":0,"_bbp_topic_count_hidden":0,"_bbp_reply_count_hidden":0,"_bbp_forum_subforum_count":0,"site-sidebar-layout":"default","site-content-layout":"","ast-site-content-layout":"","site-content-style":"default","site-sidebar-style":"default","ast-global-header-display":"","ast-banner-title-visibility":"","ast-main-header-display":"","ast-hfb-above-header-display":"","ast-hfb-below-header-display":"","ast-hfb-mobile-header-display":"","site-post-title":"","ast-breadcrumbs-content":"","ast-featured-img":"","footer-sml-layout":"","theme-transparent-header-meta":"","adv-header-id-meta":"","stick-header-meta":"","header-above-stick-meta":"","header-main-stick-meta":"","header-below-stick-meta":"","astra-migrate-meta-layouts":"default","ast-page-background-enabled":"default","ast-page-background-meta":{"desktop":{"background-color":"var(--ast-global-color-4)","background-image":"","background-repeat":"repeat","background-position":"center center","background-size":"auto","background-attachment":"scroll","background-type":"","background-media":"","overlay-type":"","overlay-color":"","overlay-opacity":"","overlay-gradient":""},"tablet":{"background-color":"","background-image":"","background-repeat":"repeat","background-position":"center center","background-size":"auto","background-attachment":"scroll","background-type":"","background-media":"","overlay-type":"","overlay-color":"","overlay-opacity":"","overlay-gradient":""},"mobile":{"background-color":"","background-image":"","background-repeat":"repeat","background-position":"center center","background-size":"auto","background-attachment":"scroll","background-type":"","background-media":"","overlay-type":"","overlay-color":"","overlay-opacity":"","overlay-gradient":""}},"ast-content-background-meta":{"desktop":{"background-color":"var(--ast-global-color-5)","background-image":"","background-repeat":"repeat","background-position":"center center","background-size":"auto","background-attachment":"scroll","background-type":"","background-media":"","overlay-type":"","overlay-color":"","overlay-opacity":"","overlay-gradient":""},"tablet":{"background-color":"var(--ast-global-color-5)","background-image":"","background-repeat":"repeat","background-position":"center center","background-size":"auto","background-attachment":"scroll","background-type":"","background-media":"","overlay-type":"","overlay-color":"","overlay-opacity":"","overlay-gradient":""},"mobile":{"background-color":"var(--ast-global-color-5)","background-image":"","background-repeat":"repeat","background-position":"center center","background-size":"auto","background-attachment":"scroll","background-type":"","background-media":"","overlay-type":"","overlay-color":"","overlay-opacity":"","overlay-gradient":""}},"footnotes":""},"categories":[60],"tags":[352,360,366,503,98,474,142,502,191],"class_list":["post-10259","post","type-post","status-publish","format-standard","hentry","category-ciclemitja","tag-chromebooks","tag-ciclemitja","tag-espai","tag-llumnegra","tag-medi","tag-planetes","tag-projecte","tag-sistemasolar","tag-tercer"],"post_mailing_queue_ids":[],"_links":{"self":[{"href":"https:\/\/agora.xtec.cat\/escgaspardeportola\/wp-json\/wp\/v2\/posts\/10259","targetHints":{"allow":["GET"]}}],"collection":[{"href":"https:\/\/agora.xtec.cat\/escgaspardeportola\/wp-json\/wp\/v2\/posts"}],"about":[{"href":"https:\/\/agora.xtec.cat\/escgaspardeportola\/wp-json\/wp\/v2\/types\/post"}],"author":[{"embeddable":true,"href":"https:\/\/agora.xtec.cat\/escgaspardeportola\/wp-json\/wp\/v2\/users\/49"}],"replies":[{"embeddable":true,"href":"https:\/\/agora.xtec.cat\/escgaspardeportola\/wp-json\/wp\/v2\/comments?post=10259"}],"version-history":[{"count":1,"href":"https:\/\/agora.xtec.cat\/escgaspardeportola\/wp-json\/wp\/v2\/posts\/10259\/revisions"}],"predecessor-version":[{"id":10262,"href":"https:\/\/agora.xtec.cat\/escgaspardeportola\/wp-json\/wp\/v2\/posts\/10259\/revisions\/10262"}],"wp:attachment":[{"href":"https:\/\/agora.xtec.cat\/escgaspardeportola\/wp-json\/wp\/v2\/media?parent=10259"}],"wp:term":[{"taxonomy":"category","embeddable":true,"href":"https:\/\/agora.xtec.cat\/escgaspardeportola\/wp-json\/wp\/v2\/categories?post=10259"},{"taxonomy":"post_tag","embeddable":true,"href":"https:\/\/agora.xtec.cat\/escgaspardeportola\/wp-json\/wp\/v2\/tags?post=10259"}],"curies":[{"name":"wp","href":"https:\/\/api.w.org\/{rel}","templated":true}]}}