{"id":10155,"date":"2025-02-21T08:10:20","date_gmt":"2025-02-21T07:10:20","guid":{"rendered":"https:\/\/agora.xtec.cat\/escgaspardeportola\/?p=10155"},"modified":"2026-01-30T18:36:56","modified_gmt":"2026-01-30T17:36:56","slug":"divendres-21-de-setembre-dia-de-la-llengua-materna","status":"publish","type":"post","link":"https:\/\/agora.xtec.cat\/escgaspardeportola\/general\/divendres-21-de-setembre-dia-de-la-llengua-materna\/","title":{"rendered":"Divendres, 21 de febrer: &#8220;Dia de la llengua materna&#8221;"},"content":{"rendered":"<p>Hola,<\/p>\n<p>Avui \u00e9s un dia molt especial ja que el dediquem a recordar la nostra llengua materna. Aquella llengua amb la que pensem, estimem i parlem amb la nostra fam\u00edlia m\u00e9s propera. La llengua que ens van ensenyar el pare i la mare.<\/p>\n<p>Els nens i nenes de sis\u00e8 de l&#8217;AA ajudats pels seus companys i companyes han portat a terme un projecte on, entre altres coses, han pogut descobrir 15 lleng\u00fces maternes en la nostra escola.<\/p>\n<p>Com ells diuen molt s\u00e0viament: &#8221; Cal estimar la nostra llengua i respectar totes aquelles altres que ens envolten i ens enriqueixen&#8221;.<\/p>\n<p>Amb molta il\u00b7lusi\u00f3 us hem preparat aquesta presentaci\u00f3. Descobriu les lleng\u00fces de Gaspar amb nosaltres i si creieu que en falta alguna ens ho feu arribar !!!<\/p>\n<p><a href=\"https:\/\/www.canva.com\/design\/DAGe6fJtMfs\/1b2i1aCUVyjxadbNpQiIpw\/watch?utm_content=DAGe6fJtMfs&amp;utm_campaign=designshare&amp;utm_medium=link2&amp;utm_source=uniquelinks&amp;utlId=h5d0a0cea5b\">Cliqueu i passeu !!<\/a><\/p>\n<p>Amb tot el cor, per vosaltres !!<\/p>\n<p>#centresendansaperlainclusio<\/p>\n<p><img loading=\"lazy\" decoding=\"async\" class=\"alignnone wp-image-10157 size-large\" src=\"https:\/\/agora.xtec.cat\/escgaspardeportola\/wp-content\/uploads\/usu555\/2025\/02\/IMG-20250220-WA0003-e1740076801262-1024x707.jpg\" alt=\"\" width=\"1024\" height=\"707\" srcset=\"https:\/\/agora.xtec.cat\/escgaspardeportola\/wp-content\/uploads\/usu555\/2025\/02\/IMG-20250220-WA0003-e1740076801262-1024x707.jpg 1024w, https:\/\/agora.xtec.cat\/escgaspardeportola\/wp-content\/uploads\/usu555\/2025\/02\/IMG-20250220-WA0003-e1740076801262-300x207.jpg 300w, https:\/\/agora.xtec.cat\/escgaspardeportola\/wp-content\/uploads\/usu555\/2025\/02\/IMG-20250220-WA0003-e1740076801262-768x530.jpg 768w, https:\/\/agora.xtec.cat\/escgaspardeportola\/wp-content\/uploads\/usu555\/2025\/02\/IMG-20250220-WA0003-e1740076801262-1536x1061.jpg 1536w, https:\/\/agora.xtec.cat\/escgaspardeportola\/wp-content\/uploads\/usu555\/2025\/02\/IMG-20250220-WA0003-e1740076801262.jpg 1564w\" sizes=\"auto, (max-width: 1024px) 100vw, 1024px\" \/><\/p>\n","protected":false},"excerpt":{"rendered":"<p>Divendres, 21 de febrer: &#8220;Dia de la llengua materna&#8221;<\/p>\n","protected":false},"author":42,"featured_media":10157,"comment_status":"closed","ping_status":"closed","sticky":false,"template":"","format":"standard","meta":{"_bbp_topic_count":0,"_bbp_reply_count":0,"_bbp_total_topic_count":0,"_bbp_total_reply_count":0,"_bbp_voice_count":0,"_bbp_anonymous_reply_count":0,"_bbp_topic_count_hidden":0,"_bbp_reply_count_hidden":0,"_bbp_forum_subforum_count":0,"site-sidebar-layout":"default","site-content-layout":"","ast-site-content-layout":"default","site-content-style":"default","site-sidebar-style":"default","ast-global-header-display":"","ast-banner-title-visibility":"","ast-main-header-display":"","ast-hfb-above-header-display":"","ast-hfb-below-header-display":"","ast-hfb-mobile-header-display":"","site-post-title":"","ast-breadcrumbs-content":"","ast-featured-img":"","footer-sml-layout":"","theme-transparent-header-meta":"","adv-header-id-meta":"","stick-header-meta":"","header-above-stick-meta":"","header-main-stick-meta":"","header-below-stick-meta":"","astra-migrate-meta-layouts":"set","ast-page-background-enabled":"default","ast-page-background-meta":{"desktop":{"background-color":"var(--ast-global-color-4)","background-image":"","background-repeat":"repeat","background-position":"center center","background-size":"auto","background-attachment":"scroll","background-type":"","background-media":"","overlay-type":"","overlay-color":"","overlay-opacity":"","overlay-gradient":""},"tablet":{"background-color":"","background-image":"","background-repeat":"repeat","background-position":"center center","background-size":"auto","background-attachment":"scroll","background-type":"","background-media":"","overlay-type":"","overlay-color":"","overlay-opacity":"","overlay-gradient":""},"mobile":{"background-color":"","background-image":"","background-repeat":"repeat","background-position":"center center","background-size":"auto","background-attachment":"scroll","background-type":"","background-media":"","overlay-type":"","overlay-color":"","overlay-opacity":"","overlay-gradient":""}},"ast-content-background-meta":{"desktop":{"background-color":"var(--ast-global-color-5)","background-image":"","background-repeat":"repeat","background-position":"center center","background-size":"auto","background-attachment":"scroll","background-type":"","background-media":"","overlay-type":"","overlay-color":"","overlay-opacity":"","overlay-gradient":""},"tablet":{"background-color":"var(--ast-global-color-5)","background-image":"","background-repeat":"repeat","background-position":"center center","background-size":"auto","background-attachment":"scroll","background-type":"","background-media":"","overlay-type":"","overlay-color":"","overlay-opacity":"","overlay-gradient":""},"mobile":{"background-color":"var(--ast-global-color-5)","background-image":"","background-repeat":"repeat","background-position":"center center","background-size":"auto","background-attachment":"scroll","background-type":"","background-media":"","overlay-type":"","overlay-color":"","overlay-opacity":"","overlay-gradient":""}},"footnotes":""},"categories":[339,555,1,4],"tags":[369,539,495],"class_list":["post-10155","post","type-post","status-publish","format-standard","has-post-thumbnail","hentry","category-acollida","category-gaspar-en-dansa-per-la-inclusio","category-general","category-portada","tag-aula-acollida","tag-centresendansaperlainclusio","tag-llengua"],"post_mailing_queue_ids":[],"_links":{"self":[{"href":"https:\/\/agora.xtec.cat\/escgaspardeportola\/wp-json\/wp\/v2\/posts\/10155","targetHints":{"allow":["GET"]}}],"collection":[{"href":"https:\/\/agora.xtec.cat\/escgaspardeportola\/wp-json\/wp\/v2\/posts"}],"about":[{"href":"https:\/\/agora.xtec.cat\/escgaspardeportola\/wp-json\/wp\/v2\/types\/post"}],"author":[{"embeddable":true,"href":"https:\/\/agora.xtec.cat\/escgaspardeportola\/wp-json\/wp\/v2\/users\/42"}],"replies":[{"embeddable":true,"href":"https:\/\/agora.xtec.cat\/escgaspardeportola\/wp-json\/wp\/v2\/comments?post=10155"}],"version-history":[{"count":6,"href":"https:\/\/agora.xtec.cat\/escgaspardeportola\/wp-json\/wp\/v2\/posts\/10155\/revisions"}],"predecessor-version":[{"id":11083,"href":"https:\/\/agora.xtec.cat\/escgaspardeportola\/wp-json\/wp\/v2\/posts\/10155\/revisions\/11083"}],"wp:featuredmedia":[{"embeddable":true,"href":"https:\/\/agora.xtec.cat\/escgaspardeportola\/wp-json\/wp\/v2\/media\/10157"}],"wp:attachment":[{"href":"https:\/\/agora.xtec.cat\/escgaspardeportola\/wp-json\/wp\/v2\/media?parent=10155"}],"wp:term":[{"taxonomy":"category","embeddable":true,"href":"https:\/\/agora.xtec.cat\/escgaspardeportola\/wp-json\/wp\/v2\/categories?post=10155"},{"taxonomy":"post_tag","embeddable":true,"href":"https:\/\/agora.xtec.cat\/escgaspardeportola\/wp-json\/wp\/v2\/tags?post=10155"}],"curies":[{"name":"wp","href":"https:\/\/api.w.org\/{rel}","templated":true}]}}