{"id":10060,"date":"2025-01-28T15:32:22","date_gmt":"2025-01-28T14:32:22","guid":{"rendered":"https:\/\/agora.xtec.cat\/escgaspardeportola\/?p=10060"},"modified":"2025-01-28T15:32:55","modified_gmt":"2025-01-28T14:32:55","slug":"podium-esmorzars-saludables-2","status":"publish","type":"post","link":"https:\/\/agora.xtec.cat\/escgaspardeportola\/escola-verda\/podium-esmorzars-saludables-2\/","title":{"rendered":"PODIUM ESMORZARS SALUDABLES"},"content":{"rendered":"<p><img loading=\"lazy\" decoding=\"async\" class=\"alignnone size-large wp-image-10065\" src=\"https:\/\/agora.xtec.cat\/escgaspardeportola\/wp-content\/uploads\/usu555\/2025\/01\/Imatge-de-WhatsApp-2025-01-28-a-les-15.22.54_dd5e39bc-576x1024.jpg\" alt=\"\" width=\"576\" height=\"1024\" srcset=\"https:\/\/agora.xtec.cat\/escgaspardeportola\/wp-content\/uploads\/usu555\/2025\/01\/Imatge-de-WhatsApp-2025-01-28-a-les-15.22.54_dd5e39bc-576x1024.jpg 576w, https:\/\/agora.xtec.cat\/escgaspardeportola\/wp-content\/uploads\/usu555\/2025\/01\/Imatge-de-WhatsApp-2025-01-28-a-les-15.22.54_dd5e39bc-169x300.jpg 169w, https:\/\/agora.xtec.cat\/escgaspardeportola\/wp-content\/uploads\/usu555\/2025\/01\/Imatge-de-WhatsApp-2025-01-28-a-les-15.22.54_dd5e39bc-768x1365.jpg 768w, https:\/\/agora.xtec.cat\/escgaspardeportola\/wp-content\/uploads\/usu555\/2025\/01\/Imatge-de-WhatsApp-2025-01-28-a-les-15.22.54_dd5e39bc-864x1536.jpg 864w, https:\/\/agora.xtec.cat\/escgaspardeportola\/wp-content\/uploads\/usu555\/2025\/01\/Imatge-de-WhatsApp-2025-01-28-a-les-15.22.54_dd5e39bc.jpg 1152w\" sizes=\"auto, (max-width: 576px) 100vw, 576px\" \/><\/p>\n<p>Des del mes d\u2019octubre l\u2019escola ha implementat una nova eina, realitzant un r\u00e0nquing de les classes amb el nombre m\u00e9s alt d&#8217;esmorzars saludables, per tal de seguir fomentant uns bons h\u00e0bits d\u2019alimentaci\u00f3 saludable. Com sempre cada final de mes presentarem les classes guanyadores en un p\u00f2dium al nostre mural d\u2019Escola Verda.<br \/>\nAquest mes de gener hem fet el r\u00e0nquing dels mesos desembre i gener junts, les classes que m\u00e9s b\u00e9 ho han fet han estat: en primer lloc\u00a0 6\u00e8 B, en segon lloc 5\u00e8 A\u00a0 i en tercer lloc 2n B. Enhorabona a totes!!<\/p>\n","protected":false},"excerpt":{"rendered":"<p>Des del mes d\u2019octubre l\u2019escola ha implementat una nova eina, realitzant un r\u00e0nquing de les classes amb el nombre m\u00e9s alt d&#8217;esmorzars saludables, per tal de seguir fomentant uns bons h\u00e0bits d\u2019alimentaci\u00f3 saludable. Com sempre cada final de mes presentarem les classes guanyadores en un p\u00f2dium al nostre mural d\u2019Escola Verda. Aquest mes de gener [&hellip;]<\/p>\n","protected":false},"author":38,"featured_media":0,"comment_status":"closed","ping_status":"closed","sticky":false,"template":"","format":"standard","meta":{"_bbp_topic_count":0,"_bbp_reply_count":0,"_bbp_total_topic_count":0,"_bbp_total_reply_count":0,"_bbp_voice_count":0,"_bbp_anonymous_reply_count":0,"_bbp_topic_count_hidden":0,"_bbp_reply_count_hidden":0,"_bbp_forum_subforum_count":0,"site-sidebar-layout":"default","site-content-layout":"","ast-site-content-layout":"","site-content-style":"default","site-sidebar-style":"default","ast-global-header-display":"","ast-banner-title-visibility":"","ast-main-header-display":"","ast-hfb-above-header-display":"","ast-hfb-below-header-display":"","ast-hfb-mobile-header-display":"","site-post-title":"","ast-breadcrumbs-content":"","ast-featured-img":"","footer-sml-layout":"","theme-transparent-header-meta":"","adv-header-id-meta":"","stick-header-meta":"","header-above-stick-meta":"","header-main-stick-meta":"","header-below-stick-meta":"","astra-migrate-meta-layouts":"default","ast-page-background-enabled":"default","ast-page-background-meta":{"desktop":{"background-color":"var(--ast-global-color-4)","background-image":"","background-repeat":"repeat","background-position":"center center","background-size":"auto","background-attachment":"scroll","background-type":"","background-media":"","overlay-type":"","overlay-color":"","overlay-opacity":"","overlay-gradient":""},"tablet":{"background-color":"","background-image":"","background-repeat":"repeat","background-position":"center center","background-size":"auto","background-attachment":"scroll","background-type":"","background-media":"","overlay-type":"","overlay-color":"","overlay-opacity":"","overlay-gradient":""},"mobile":{"background-color":"","background-image":"","background-repeat":"repeat","background-position":"center center","background-size":"auto","background-attachment":"scroll","background-type":"","background-media":"","overlay-type":"","overlay-color":"","overlay-opacity":"","overlay-gradient":""}},"ast-content-background-meta":{"desktop":{"background-color":"var(--ast-global-color-5)","background-image":"","background-repeat":"repeat","background-position":"center center","background-size":"auto","background-attachment":"scroll","background-type":"","background-media":"","overlay-type":"","overlay-color":"","overlay-opacity":"","overlay-gradient":""},"tablet":{"background-color":"var(--ast-global-color-5)","background-image":"","background-repeat":"repeat","background-position":"center center","background-size":"auto","background-attachment":"scroll","background-type":"","background-media":"","overlay-type":"","overlay-color":"","overlay-opacity":"","overlay-gradient":""},"mobile":{"background-color":"var(--ast-global-color-5)","background-image":"","background-repeat":"repeat","background-position":"center center","background-size":"auto","background-attachment":"scroll","background-type":"","background-media":"","overlay-type":"","overlay-color":"","overlay-opacity":"","overlay-gradient":""}},"footnotes":""},"categories":[110],"tags":[],"class_list":["post-10060","post","type-post","status-publish","format-standard","hentry","category-escola-verda"],"post_mailing_queue_ids":[],"_links":{"self":[{"href":"https:\/\/agora.xtec.cat\/escgaspardeportola\/wp-json\/wp\/v2\/posts\/10060","targetHints":{"allow":["GET"]}}],"collection":[{"href":"https:\/\/agora.xtec.cat\/escgaspardeportola\/wp-json\/wp\/v2\/posts"}],"about":[{"href":"https:\/\/agora.xtec.cat\/escgaspardeportola\/wp-json\/wp\/v2\/types\/post"}],"author":[{"embeddable":true,"href":"https:\/\/agora.xtec.cat\/escgaspardeportola\/wp-json\/wp\/v2\/users\/38"}],"replies":[{"embeddable":true,"href":"https:\/\/agora.xtec.cat\/escgaspardeportola\/wp-json\/wp\/v2\/comments?post=10060"}],"version-history":[{"count":3,"href":"https:\/\/agora.xtec.cat\/escgaspardeportola\/wp-json\/wp\/v2\/posts\/10060\/revisions"}],"predecessor-version":[{"id":10067,"href":"https:\/\/agora.xtec.cat\/escgaspardeportola\/wp-json\/wp\/v2\/posts\/10060\/revisions\/10067"}],"wp:attachment":[{"href":"https:\/\/agora.xtec.cat\/escgaspardeportola\/wp-json\/wp\/v2\/media?parent=10060"}],"wp:term":[{"taxonomy":"category","embeddable":true,"href":"https:\/\/agora.xtec.cat\/escgaspardeportola\/wp-json\/wp\/v2\/categories?post=10060"},{"taxonomy":"post_tag","embeddable":true,"href":"https:\/\/agora.xtec.cat\/escgaspardeportola\/wp-json\/wp\/v2\/tags?post=10060"}],"curies":[{"name":"wp","href":"https:\/\/api.w.org\/{rel}","templated":true}]}}