{"id":1003,"date":"2016-10-27T23:41:14","date_gmt":"2016-10-27T21:41:14","guid":{"rendered":"http:\/\/agora.xtec.cat\/escgaspardeportola\/?p=1003"},"modified":"2016-10-27T23:41:14","modified_gmt":"2016-10-27T21:41:14","slug":"projecte-demprenedoria-a-cicle-superior","status":"publish","type":"post","link":"https:\/\/agora.xtec.cat\/escgaspardeportola\/portada\/projecte-demprenedoria-a-cicle-superior\/","title":{"rendered":"Projecte d&#8217;emprenedoria a Cicle superior."},"content":{"rendered":"<p>El proper dilluns, festa de la castanyada a la tarda,\u00a0 els nens i nenes de cicle superior realitzaran la primera parada d&#8217;aquest curs escolar per a vendre els petits productes elaborats durant el projecte d&#8217;emprenedoria.<\/p>\n<p>Us demanem a les fam\u00edlies que entreu a la tarda al pati de l&#8217;escola i pugueu col\u00b7laborar amb la\u00a0 compra d&#8217;aquests productes, la majoria dels quals s\u00f3n realitzats amb productes naturals. Recordem que els diners recollits van per a la realitzaci\u00f3 de sortides escolars dels nens i nenes de 5\u00e8 i 6\u00e8, m\u00e9s concretament de les col\u00f2nies.<\/p>\n<p>Felicitats a tot l&#8217;equip de mestres i alumnes emprenedors!<\/p>\n\r\n\t<div class=\"slideshow_container slideshow_container_style-light\" style=\" \" data-slideshow-id=\"1002\" data-style-name=\"style-light\" data-style-version=\"2.3.1\" >\r\n\r\n\t\t\t\t\t<div class=\"slideshow_loading_icon\"><\/div>\r\n\t\t\r\n\t\t<div class=\"slideshow_content\" style=\"display: none;\">\r\n\r\n\t\t\t<div class=\"slideshow_view\"><div class=\"slideshow_slide slideshow_slide_image\">\n        <a href=\"https:\/\/lh3.googleusercontent.com\/5sOWa_FmunWuz3nan5bQvLt4iJF7RAzav1jy3n6k03bBuL5bEyiOX_zaKSU1eK6CinR0TLoGKrDMsugrKThi4_EnUHBlVJZ7EvCjh5wdh6_PrFUSwl4MDmj9ukM3tgbDT5q6d67Tq7KrMq_irj0REcn7gkg6BHIFxpeGKzC0428M0iPdy92u8K2r13YS2qraMqNnwFfdDa7Lq89liUUpK5XGozTa0xyEde6JKLLh0JMHusReFmBcohjROcMXZU9y5yC3XQpeNsiPzudC00l-b5UjFW3iI6dFsZAEQ282sKI8J2Gjm_fYamqVOPkhG7xEwMoKoTAWzsmnRBxh-MIzlz5iB3IS-pVi2oxeTdaqOSeITf0mSHOZ7bLBwlFAZs9O4Za_Lwa-cQ1Ap8MFIvS6BiVRsA_mbIlG5nKW-v5tWK2Feiq7CSLs-SnptTV4k0jWiUtDXpZVqj97Yv0MTA5y1if0VI54-P84obAwGVxmJBLOZ1BVIiAu8tV1SKq6zb7AGlhqX45YZyoOjw_euigkX8YkCL0nyEIqQxJ02Uu87wAjQ35h022gMBs9kUr2t1IW89SFAfUdBClVPC71gZmtJsFv80GGr85GgdqU086jth6se1GO=w800-h600-no\" target=\"_blank\">        <img src=\"https:\/\/lh3.googleusercontent.com\/5sOWa_FmunWuz3nan5bQvLt4iJF7RAzav1jy3n6k03bBuL5bEyiOX_zaKSU1eK6CinR0TLoGKrDMsugrKThi4_EnUHBlVJZ7EvCjh5wdh6_PrFUSwl4MDmj9ukM3tgbDT5q6d67Tq7KrMq_irj0REcn7gkg6BHIFxpeGKzC0428M0iPdy92u8K2r13YS2qraMqNnwFfdDa7Lq89liUUpK5XGozTa0xyEde6JKLLh0JMHusReFmBcohjROcMXZU9y5yC3XQpeNsiPzudC00l-b5UjFW3iI6dFsZAEQ282sKI8J2Gjm_fYamqVOPkhG7xEwMoKoTAWzsmnRBxh-MIzlz5iB3IS-pVi2oxeTdaqOSeITf0mSHOZ7bLBwlFAZs9O4Za_Lwa-cQ1Ap8MFIvS6BiVRsA_mbIlG5nKW-v5tWK2Feiq7CSLs-SnptTV4k0jWiUtDXpZVqj97Yv0MTA5y1if0VI54-P84obAwGVxmJBLOZ1BVIiAu8tV1SKq6zb7AGlhqX45YZyoOjw_euigkX8YkCL0nyEIqQxJ02Uu87wAjQ35h022gMBs9kUr2t1IW89SFAfUdBClVPC71gZmtJsFv80GGr85GgdqU086jth6se1GO=w800-h600-no\" alt=\"\"   \/>\n        <\/a>        <div class=\"slideshow_description_box slideshow_transparent\">\n                                        <\/div>\n<\/div>\n\t\n<div style=\"clear: both;\"><\/div><\/div>\r\n\t\t<\/div>\r\n\r\n\t\t<div class=\"slideshow_controlPanel slideshow_transparent\" style=\"display: none;\"><ul><li class=\"slideshow_togglePlay\" data-play-text=\"Visualitza\" data-pause-text=\"Pausa\"><\/li><\/ul><\/div>\r\n\r\n\t\t<div class=\"slideshow_button slideshow_previous slideshow_transparent\" role=\"button\" data-previous-text=\"Anterior\" style=\"display: none;\"><\/div>\r\n\t\t<div class=\"slideshow_button slideshow_next slideshow_transparent\" role=\"button\" data-next-text=\"Seg\u00fcent\" style=\"display: none;\"><\/div>\r\n\r\n\t\t<div class=\"slideshow_pagination\" style=\"display: none;\" data-go-to-text=\"V\u00e9s a la diapositiva\"><div class=\"slideshow_pagination_center\"><\/div><\/div>\r\n\r\n\t\t<!-- WordPress Slideshow Version 2.3.1 -->\r\n\r\n\t\t\t<\/div>\r\n\r\n\n","protected":false},"excerpt":{"rendered":"<p>El proper dilluns, festa de la castanyada a la tarda,\u00a0 els nens i nenes de cicle superior realitzaran la primera parada d&#8217;aquest curs escolar per a vendre els petits productes elaborats durant el projecte d&#8217;emprenedoria. Us demanem a les fam\u00edlies que entreu a la tarda al pati de l&#8217;escola i pugueu col\u00b7laborar amb la\u00a0 compra [&hellip;]<\/p>\n","protected":false},"author":1,"featured_media":0,"comment_status":"closed","ping_status":"open","sticky":false,"template":"","format":"standard","meta":{"_bbp_topic_count":0,"_bbp_reply_count":0,"_bbp_total_topic_count":0,"_bbp_total_reply_count":0,"_bbp_voice_count":0,"_bbp_anonymous_reply_count":0,"_bbp_topic_count_hidden":0,"_bbp_reply_count_hidden":0,"_bbp_forum_subforum_count":0,"site-sidebar-layout":"default","site-content-layout":"","ast-site-content-layout":"","site-content-style":"default","site-sidebar-style":"default","ast-global-header-display":"","ast-banner-title-visibility":"","ast-main-header-display":"","ast-hfb-above-header-display":"","ast-hfb-below-header-display":"","ast-hfb-mobile-header-display":"","site-post-title":"","ast-breadcrumbs-content":"","ast-featured-img":"","footer-sml-layout":"","theme-transparent-header-meta":"","adv-header-id-meta":"","stick-header-meta":"","header-above-stick-meta":"","header-main-stick-meta":"","header-below-stick-meta":"","astra-migrate-meta-layouts":"default","ast-page-background-enabled":"default","ast-page-background-meta":{"desktop":{"background-color":"var(--ast-global-color-4)","background-image":"","background-repeat":"repeat","background-position":"center center","background-size":"auto","background-attachment":"scroll","background-type":"","background-media":"","overlay-type":"","overlay-color":"","overlay-opacity":"","overlay-gradient":""},"tablet":{"background-color":"","background-image":"","background-repeat":"repeat","background-position":"center center","background-size":"auto","background-attachment":"scroll","background-type":"","background-media":"","overlay-type":"","overlay-color":"","overlay-opacity":"","overlay-gradient":""},"mobile":{"background-color":"","background-image":"","background-repeat":"repeat","background-position":"center center","background-size":"auto","background-attachment":"scroll","background-type":"","background-media":"","overlay-type":"","overlay-color":"","overlay-opacity":"","overlay-gradient":""}},"ast-content-background-meta":{"desktop":{"background-color":"var(--ast-global-color-5)","background-image":"","background-repeat":"repeat","background-position":"center center","background-size":"auto","background-attachment":"scroll","background-type":"","background-media":"","overlay-type":"","overlay-color":"","overlay-opacity":"","overlay-gradient":""},"tablet":{"background-color":"var(--ast-global-color-5)","background-image":"","background-repeat":"repeat","background-position":"center center","background-size":"auto","background-attachment":"scroll","background-type":"","background-media":"","overlay-type":"","overlay-color":"","overlay-opacity":"","overlay-gradient":""},"mobile":{"background-color":"var(--ast-global-color-5)","background-image":"","background-repeat":"repeat","background-position":"center center","background-size":"auto","background-attachment":"scroll","background-type":"","background-media":"","overlay-type":"","overlay-color":"","overlay-opacity":"","overlay-gradient":""}},"footnotes":""},"categories":[4],"tags":[104,105,103],"class_list":["post-1003","post","type-post","status-publish","format-standard","hentry","category-portada","tag-castanyada","tag-cicle-superior","tag-emprenedoria"],"post_mailing_queue_ids":[],"_links":{"self":[{"href":"https:\/\/agora.xtec.cat\/escgaspardeportola\/wp-json\/wp\/v2\/posts\/1003","targetHints":{"allow":["GET"]}}],"collection":[{"href":"https:\/\/agora.xtec.cat\/escgaspardeportola\/wp-json\/wp\/v2\/posts"}],"about":[{"href":"https:\/\/agora.xtec.cat\/escgaspardeportola\/wp-json\/wp\/v2\/types\/post"}],"author":[{"embeddable":true,"href":"https:\/\/agora.xtec.cat\/escgaspardeportola\/wp-json\/wp\/v2\/users\/1"}],"replies":[{"embeddable":true,"href":"https:\/\/agora.xtec.cat\/escgaspardeportola\/wp-json\/wp\/v2\/comments?post=1003"}],"version-history":[{"count":2,"href":"https:\/\/agora.xtec.cat\/escgaspardeportola\/wp-json\/wp\/v2\/posts\/1003\/revisions"}],"predecessor-version":[{"id":1005,"href":"https:\/\/agora.xtec.cat\/escgaspardeportola\/wp-json\/wp\/v2\/posts\/1003\/revisions\/1005"}],"wp:attachment":[{"href":"https:\/\/agora.xtec.cat\/escgaspardeportola\/wp-json\/wp\/v2\/media?parent=1003"}],"wp:term":[{"taxonomy":"category","embeddable":true,"href":"https:\/\/agora.xtec.cat\/escgaspardeportola\/wp-json\/wp\/v2\/categories?post=1003"},{"taxonomy":"post_tag","embeddable":true,"href":"https:\/\/agora.xtec.cat\/escgaspardeportola\/wp-json\/wp\/v2\/tags?post=1003"}],"curies":[{"name":"wp","href":"https:\/\/api.w.org\/{rel}","templated":true}]}}