{"id":10008,"date":"2024-12-20T18:44:33","date_gmt":"2024-12-20T17:44:33","guid":{"rendered":"https:\/\/agora.xtec.cat\/escgaspardeportola\/?p=10008"},"modified":"2024-12-20T18:44:33","modified_gmt":"2024-12-20T17:44:33","slug":"3r-balaguer-poble-o-ciutat","status":"publish","type":"post","link":"https:\/\/agora.xtec.cat\/escgaspardeportola\/ciclemitja\/3r-balaguer-poble-o-ciutat\/","title":{"rendered":"3r &#8211; Balaguer: poble o ciutat?"},"content":{"rendered":"<p>Donem per finalitzada la primera situaci\u00f3 d\u2019aprenentatge del curs.<\/p>\n<p>Una aviadora atrapada en el temps ha demanat a l\u2019alumnat de tercer que port\u00e9s a terme un conjunt d\u2019activitats en grup i de ma<img loading=\"lazy\" decoding=\"async\" class=\"wp-image-10009 alignleft\" src=\"https:\/\/agora.xtec.cat\/escgaspardeportola\/wp-content\/uploads\/usu555\/2024\/12\/IMG_20241024_101725-1-1024x768.jpg\" alt=\"\" width=\"373\" height=\"280\" srcset=\"https:\/\/agora.xtec.cat\/escgaspardeportola\/wp-content\/uploads\/usu555\/2024\/12\/IMG_20241024_101725-1-1024x768.jpg 1024w, https:\/\/agora.xtec.cat\/escgaspardeportola\/wp-content\/uploads\/usu555\/2024\/12\/IMG_20241024_101725-1-300x225.jpg 300w, https:\/\/agora.xtec.cat\/escgaspardeportola\/wp-content\/uploads\/usu555\/2024\/12\/IMG_20241024_101725-1-768x576.jpg 768w, https:\/\/agora.xtec.cat\/escgaspardeportola\/wp-content\/uploads\/usu555\/2024\/12\/IMG_20241024_101725-1-1536x1152.jpg 1536w, https:\/\/agora.xtec.cat\/escgaspardeportola\/wp-content\/uploads\/usu555\/2024\/12\/IMG_20241024_101725-1-2048x1536.jpg 2048w, https:\/\/agora.xtec.cat\/escgaspardeportola\/wp-content\/uploads\/usu555\/2024\/12\/IMG_20241024_101725-1-200x150.jpg 200w\" sizes=\"auto, (max-width: 373px) 100vw, 373px\" \/><span style=\"font-family: inherit; font-size: 1em;\">nera cooperativa per poder descobrir si Balaguer \u00e9s un poble i una ciutat.<\/span><\/p>\n<p>Aix\u00ed doncs, els nens <span style=\"font-family: inherit; font-size: 1em;\">i nenes han viatja<\/span><span style=\"font-family: inherit; font-size: 1em;\">t en el temps, han cercat imatges d\u2019abans i ara dels diferents llocs de Balaguer i han sabut identificar els oficis dels sectors econ\u00f2mics a trav\u00e9s de les fam\u00edlies, v\u00eddeos educatius i una teatralitzaci\u00f3. Tamb\u00e9, han conegut el funcionament de l\u2019ajuntament i com es forma i han vist l\u2019organitzaci\u00f3 per barris que t\u00e9 una ciutat.<\/span><\/p>\n<p>&nbsp;<\/p>\n<p>&nbsp;<\/p>\n<p>Amb aquests sabers i investigacions, han arribat a la conclusi\u00f3 que Balaguer s\u00ed que \u00e9s una ciutat i han realitzat \u00a0<img loading=\"lazy\" decoding=\"async\" class=\"wp-image-10010 alignright\" src=\"https:\/\/agora.xtec.cat\/escgaspardeportola\/wp-content\/uploads\/usu555\/2024\/12\/IMG_7033-1-1024x768.jpg\" alt=\"\" width=\"363\" height=\"272\" srcset=\"https:\/\/agora.xtec.cat\/escgaspardeportola\/wp-content\/uploads\/usu555\/2024\/12\/IMG_7033-1-1024x768.jpg 1024w, https:\/\/agora.xtec.cat\/escgaspardeportola\/wp-content\/uploads\/usu555\/2024\/12\/IMG_7033-1-300x225.jpg 300w, https:\/\/agora.xtec.cat\/escgaspardeportola\/wp-content\/uploads\/usu555\/2024\/12\/IMG_7033-1-768x576.jpg 768w, https:\/\/agora.xtec.cat\/escgaspardeportola\/wp-content\/uploads\/usu555\/2024\/12\/IMG_7033-1-1536x1152.jpg 1536w, https:\/\/agora.xtec.cat\/escgaspardeportola\/wp-content\/uploads\/usu555\/2024\/12\/IMG_7033-1-2048x1536.jpg 2048w, https:\/\/agora.xtec.cat\/escgaspardeportola\/wp-content\/uploads\/usu555\/2024\/12\/IMG_7033-1-200x150.jpg 200w\" sizes=\"auto, (max-width: 363px) 100vw, 363px\" \/>dos productes finals. D\u2019una banda, han elaborat un v\u00eddeo publicitari sobre els oficis en qu\u00e8 es pot treballar a Balaguer i, d\u2019altra banda, han elaborat una entrevista a l\u2019alcaldessa de la ciutat que els ha rebut amb gran entusiasme.<\/p>\n<p>En els seg\u00fcents enlla\u00e7os trobareu, la seg\u00fcent informaci\u00f3:<\/p>\n<ul>\n<li><a href=\"https:\/\/drive.google.com\/drive\/folders\/1yCKf9SObha0CjzYxnwVc9epRZ9m7LrG7?usp=sharing\">Fotografies 3rA<\/a><\/li>\n<li><a href=\"https:\/\/drive.google.com\/drive\/folders\/1YrQQnyA2x2k4noAvgEnlhFVcBFEdbXgu?usp=sharing\">Fotografies 3rB<\/a><\/li>\n<li><a href=\"https:\/\/drive.google.com\/drive\/folders\/1L6xXJkQHFDYYRmKZw8GapECrsTBr96c6?usp=sharing\">Entrevistes<\/a><\/li>\n<li><a href=\"https:\/\/drive.google.com\/drive\/folders\/1vaC1-dMtCrr5v4mnn0X1dGgl77qTxISG?usp=sharing\">V\u00eddeo Oficis<\/a><\/li>\n<\/ul>\n","protected":false},"excerpt":{"rendered":"<p>Donem per finalitzada la primera situaci\u00f3 d\u2019aprenentatge del curs. Una aviadora atrapada en el temps ha demanat a l\u2019alumnat de tercer que port\u00e9s a terme un conjunt d\u2019activitats en grup i de manera cooperativa per poder descobrir si Balaguer \u00e9s un poble i una ciutat. Aix\u00ed doncs, els nens i nenes han viatjat en el [&hellip;]<\/p>\n","protected":false},"author":49,"featured_media":0,"comment_status":"open","ping_status":"closed","sticky":false,"template":"","format":"standard","meta":{"_bbp_topic_count":0,"_bbp_reply_count":0,"_bbp_total_topic_count":0,"_bbp_total_reply_count":0,"_bbp_voice_count":0,"_bbp_anonymous_reply_count":0,"_bbp_topic_count_hidden":0,"_bbp_reply_count_hidden":0,"_bbp_forum_subforum_count":0,"site-sidebar-layout":"default","site-content-layout":"","ast-site-content-layout":"","site-content-style":"default","site-sidebar-style":"default","ast-global-header-display":"","ast-banner-title-visibility":"","ast-main-header-display":"","ast-hfb-above-header-display":"","ast-hfb-below-header-display":"","ast-hfb-mobile-header-display":"","site-post-title":"","ast-breadcrumbs-content":"","ast-featured-img":"","footer-sml-layout":"","theme-transparent-header-meta":"","adv-header-id-meta":"","stick-header-meta":"","header-above-stick-meta":"","header-main-stick-meta":"","header-below-stick-meta":"","astra-migrate-meta-layouts":"default","ast-page-background-enabled":"default","ast-page-background-meta":{"desktop":{"background-color":"var(--ast-global-color-4)","background-image":"","background-repeat":"repeat","background-position":"center center","background-size":"auto","background-attachment":"scroll","background-type":"","background-media":"","overlay-type":"","overlay-color":"","overlay-opacity":"","overlay-gradient":""},"tablet":{"background-color":"","background-image":"","background-repeat":"repeat","background-position":"center center","background-size":"auto","background-attachment":"scroll","background-type":"","background-media":"","overlay-type":"","overlay-color":"","overlay-opacity":"","overlay-gradient":""},"mobile":{"background-color":"","background-image":"","background-repeat":"repeat","background-position":"center center","background-size":"auto","background-attachment":"scroll","background-type":"","background-media":"","overlay-type":"","overlay-color":"","overlay-opacity":"","overlay-gradient":""}},"ast-content-background-meta":{"desktop":{"background-color":"var(--ast-global-color-5)","background-image":"","background-repeat":"repeat","background-position":"center center","background-size":"auto","background-attachment":"scroll","background-type":"","background-media":"","overlay-type":"","overlay-color":"","overlay-opacity":"","overlay-gradient":""},"tablet":{"background-color":"var(--ast-global-color-5)","background-image":"","background-repeat":"repeat","background-position":"center center","background-size":"auto","background-attachment":"scroll","background-type":"","background-media":"","overlay-type":"","overlay-color":"","overlay-opacity":"","overlay-gradient":""},"mobile":{"background-color":"var(--ast-global-color-5)","background-image":"","background-repeat":"repeat","background-position":"center center","background-size":"auto","background-attachment":"scroll","background-type":"","background-media":"","overlay-type":"","overlay-color":"","overlay-opacity":"","overlay-gradient":""}},"footnotes":""},"categories":[60],"tags":[489,155,280,490,98,491,492,488],"class_list":["post-10008","post","type-post","status-publish","format-standard","hentry","category-ciclemitja","tag-aprenentatge","tag-balaguer","tag-cicle-mitja-tercer","tag-ciutat","tag-medi","tag-paera","tag-publicitat","tag-situacio"],"post_mailing_queue_ids":[],"_links":{"self":[{"href":"https:\/\/agora.xtec.cat\/escgaspardeportola\/wp-json\/wp\/v2\/posts\/10008","targetHints":{"allow":["GET"]}}],"collection":[{"href":"https:\/\/agora.xtec.cat\/escgaspardeportola\/wp-json\/wp\/v2\/posts"}],"about":[{"href":"https:\/\/agora.xtec.cat\/escgaspardeportola\/wp-json\/wp\/v2\/types\/post"}],"author":[{"embeddable":true,"href":"https:\/\/agora.xtec.cat\/escgaspardeportola\/wp-json\/wp\/v2\/users\/49"}],"replies":[{"embeddable":true,"href":"https:\/\/agora.xtec.cat\/escgaspardeportola\/wp-json\/wp\/v2\/comments?post=10008"}],"version-history":[{"count":3,"href":"https:\/\/agora.xtec.cat\/escgaspardeportola\/wp-json\/wp\/v2\/posts\/10008\/revisions"}],"predecessor-version":[{"id":10013,"href":"https:\/\/agora.xtec.cat\/escgaspardeportola\/wp-json\/wp\/v2\/posts\/10008\/revisions\/10013"}],"wp:attachment":[{"href":"https:\/\/agora.xtec.cat\/escgaspardeportola\/wp-json\/wp\/v2\/media?parent=10008"}],"wp:term":[{"taxonomy":"category","embeddable":true,"href":"https:\/\/agora.xtec.cat\/escgaspardeportola\/wp-json\/wp\/v2\/categories?post=10008"},{"taxonomy":"post_tag","embeddable":true,"href":"https:\/\/agora.xtec.cat\/escgaspardeportola\/wp-json\/wp\/v2\/tags?post=10008"}],"curies":[{"name":"wp","href":"https:\/\/api.w.org\/{rel}","templated":true}]}}