{"id":9848,"date":"2026-03-12T12:55:24","date_gmt":"2026-03-12T11:55:24","guid":{"rendered":"https:\/\/agora.xtec.cat\/escfrancescarenes\/?p=9848"},"modified":"2026-03-12T16:25:10","modified_gmt":"2026-03-12T15:25:10","slug":"el-tren-dels-llacs","status":"publish","type":"post","link":"https:\/\/agora.xtec.cat\/escfrancescarenes\/general\/el-tren-dels-llacs\/","title":{"rendered":"El Tren dels Llacs"},"content":{"rendered":"<p>Benvinguts a R\u00e0dio Raval! Avui us portem l&#8217;\u00faltima emissi\u00f3 de la classe de tercer.<\/p>\n<p>Sabeu el que \u00e9s el Tren dels Llacs? No tracta d&#8217;un tren qualsevol&#8230; poseu-hi l&#8217;orella i descobriu de qu\u00e8 estem parlant! Els nostres alumnes us donen informaci\u00f3 molt rellevant la qual en traureu profit.<\/p>\n<p>Moltes gr\u00e0cies oients!!!<\/p>\n<p><iframe loading=\"lazy\" src=\"https:\/\/www.ivoox.com\/player_ej_170021961_6_1.html?c1=044cac\" width=\"100%\" height=\"200\" frameborder=\"0\" scrolling=\"no\" allowfullscreen=\"allowfullscreen\"><\/iframe><\/p>\n<p><a href=\"https:\/\/agora.xtec.cat\/escfrancescarenes\/wp-content\/uploads\/usu674\/2026\/03\/IMG_8619.jpeg\"><img loading=\"lazy\" decoding=\"async\" class=\"alignnone size-medium wp-image-9849\" src=\"https:\/\/agora.xtec.cat\/escfrancescarenes\/wp-content\/uploads\/usu674\/2026\/03\/IMG_8619-300x225.jpeg\" alt=\"\" width=\"300\" height=\"225\" srcset=\"https:\/\/agora.xtec.cat\/escfrancescarenes\/wp-content\/uploads\/usu674\/2026\/03\/IMG_8619-300x225.jpeg 300w, https:\/\/agora.xtec.cat\/escfrancescarenes\/wp-content\/uploads\/usu674\/2026\/03\/IMG_8619-768x576.jpeg 768w, https:\/\/agora.xtec.cat\/escfrancescarenes\/wp-content\/uploads\/usu674\/2026\/03\/IMG_8619.jpeg 1024w\" sizes=\"auto, (max-width: 300px) 100vw, 300px\" \/><\/a><\/p>\n<p><a href=\"https:\/\/agora.xtec.cat\/escfrancescarenes\/wp-content\/uploads\/usu674\/2026\/03\/IMG_8621.jpeg\"><img loading=\"lazy\" decoding=\"async\" class=\"alignnone size-medium wp-image-9850\" src=\"https:\/\/agora.xtec.cat\/escfrancescarenes\/wp-content\/uploads\/usu674\/2026\/03\/IMG_8621-300x225.jpeg\" alt=\"\" width=\"300\" height=\"225\" srcset=\"https:\/\/agora.xtec.cat\/escfrancescarenes\/wp-content\/uploads\/usu674\/2026\/03\/IMG_8621-300x225.jpeg 300w, https:\/\/agora.xtec.cat\/escfrancescarenes\/wp-content\/uploads\/usu674\/2026\/03\/IMG_8621-768x576.jpeg 768w, https:\/\/agora.xtec.cat\/escfrancescarenes\/wp-content\/uploads\/usu674\/2026\/03\/IMG_8621.jpeg 1024w\" sizes=\"auto, (max-width: 300px) 100vw, 300px\" \/><\/a><\/p>\n","protected":false},"excerpt":{"rendered":"<p>Benvinguts a R\u00e0dio Raval! Avui us portem l&#8217;\u00faltima emissi\u00f3 de la classe de tercer. Sabeu el que \u00e9s el Tren dels Llacs? No tracta d&#8217;un tren qualsevol&#8230; poseu-hi l&#8217;orella i descobriu de qu\u00e8 estem parlant! Els nostres alumnes us donen informaci\u00f3 molt rellevant la qual en traureu profit. Moltes gr\u00e0cies oients!!!<\/p>\n","protected":false},"author":77,"featured_media":9853,"comment_status":"open","ping_status":"open","sticky":false,"template":"","format":"standard","meta":{"_bbp_topic_count":0,"_bbp_reply_count":0,"_bbp_total_topic_count":0,"_bbp_total_reply_count":0,"_bbp_voice_count":0,"_bbp_anonymous_reply_count":0,"_bbp_topic_count_hidden":0,"_bbp_reply_count_hidden":0,"_bbp_forum_subforum_count":0,"site-sidebar-layout":"default","site-content-layout":"","ast-site-content-layout":"default","site-content-style":"default","site-sidebar-style":"default","ast-global-header-display":"","ast-banner-title-visibility":"","ast-main-header-display":"","ast-hfb-above-header-display":"","ast-hfb-below-header-display":"","ast-hfb-mobile-header-display":"","site-post-title":"","ast-breadcrumbs-content":"","ast-featured-img":"","footer-sml-layout":"","theme-transparent-header-meta":"default","adv-header-id-meta":"","stick-header-meta":"","header-above-stick-meta":"","header-main-stick-meta":"","header-below-stick-meta":"","astra-migrate-meta-layouts":"set","ast-page-background-enabled":"default","ast-page-background-meta":{"desktop":{"background-color":"var(--ast-global-color-4)","background-image":"","background-repeat":"repeat","background-position":"center center","background-size":"auto","background-attachment":"scroll","background-type":"","background-media":"","overlay-type":"","overlay-color":"","overlay-opacity":"","overlay-gradient":""},"tablet":{"background-color":"","background-image":"","background-repeat":"repeat","background-position":"center center","background-size":"auto","background-attachment":"scroll","background-type":"","background-media":"","overlay-type":"","overlay-color":"","overlay-opacity":"","overlay-gradient":""},"mobile":{"background-color":"","background-image":"","background-repeat":"repeat","background-position":"center center","background-size":"auto","background-attachment":"scroll","background-type":"","background-media":"","overlay-type":"","overlay-color":"","overlay-opacity":"","overlay-gradient":""}},"ast-content-background-meta":{"desktop":{"background-color":"var(--ast-global-color-5)","background-image":"","background-repeat":"repeat","background-position":"center center","background-size":"auto","background-attachment":"scroll","background-type":"","background-media":"","overlay-type":"","overlay-color":"","overlay-opacity":"","overlay-gradient":""},"tablet":{"background-color":"var(--ast-global-color-5)","background-image":"","background-repeat":"repeat","background-position":"center center","background-size":"auto","background-attachment":"scroll","background-type":"","background-media":"","overlay-type":"","overlay-color":"","overlay-opacity":"","overlay-gradient":""},"mobile":{"background-color":"var(--ast-global-color-5)","background-image":"","background-repeat":"repeat","background-position":"center center","background-size":"auto","background-attachment":"scroll","background-type":"","background-media":"","overlay-type":"","overlay-color":"","overlay-opacity":"","overlay-gradient":""}},"footnotes":""},"categories":[12,5,1,4,388],"tags":[71,387,509],"class_list":["post-9848","post","type-post","status-publish","format-standard","has-post-thumbnail","hentry","category-3r-i-4t","category-primaria","category-general","category-portada","category-radio-raval","tag-cicle-mitja","tag-radio-raval","tag-radioescolar"],"post_mailing_queue_ids":[],"_links":{"self":[{"href":"https:\/\/agora.xtec.cat\/escfrancescarenes\/wp-json\/wp\/v2\/posts\/9848","targetHints":{"allow":["GET"]}}],"collection":[{"href":"https:\/\/agora.xtec.cat\/escfrancescarenes\/wp-json\/wp\/v2\/posts"}],"about":[{"href":"https:\/\/agora.xtec.cat\/escfrancescarenes\/wp-json\/wp\/v2\/types\/post"}],"author":[{"embeddable":true,"href":"https:\/\/agora.xtec.cat\/escfrancescarenes\/wp-json\/wp\/v2\/users\/77"}],"replies":[{"embeddable":true,"href":"https:\/\/agora.xtec.cat\/escfrancescarenes\/wp-json\/wp\/v2\/comments?post=9848"}],"version-history":[{"count":2,"href":"https:\/\/agora.xtec.cat\/escfrancescarenes\/wp-json\/wp\/v2\/posts\/9848\/revisions"}],"predecessor-version":[{"id":9854,"href":"https:\/\/agora.xtec.cat\/escfrancescarenes\/wp-json\/wp\/v2\/posts\/9848\/revisions\/9854"}],"wp:featuredmedia":[{"embeddable":true,"href":"https:\/\/agora.xtec.cat\/escfrancescarenes\/wp-json\/wp\/v2\/media\/9853"}],"wp:attachment":[{"href":"https:\/\/agora.xtec.cat\/escfrancescarenes\/wp-json\/wp\/v2\/media?parent=9848"}],"wp:term":[{"taxonomy":"category","embeddable":true,"href":"https:\/\/agora.xtec.cat\/escfrancescarenes\/wp-json\/wp\/v2\/categories?post=9848"},{"taxonomy":"post_tag","embeddable":true,"href":"https:\/\/agora.xtec.cat\/escfrancescarenes\/wp-json\/wp\/v2\/tags?post=9848"}],"curies":[{"name":"wp","href":"https:\/\/api.w.org\/{rel}","templated":true}]}}