{"id":9830,"date":"2026-03-11T12:15:59","date_gmt":"2026-03-11T11:15:59","guid":{"rendered":"https:\/\/agora.xtec.cat\/escfrancescarenes\/?p=9830"},"modified":"2026-03-11T13:11:41","modified_gmt":"2026-03-11T12:11:41","slug":"xxii-certamen-de-lectura-en-veu-alta","status":"publish","type":"post","link":"https:\/\/agora.xtec.cat\/escfrancescarenes\/general\/xxii-certamen-de-lectura-en-veu-alta\/","title":{"rendered":"XXII Certamen de lectura en veu alta"},"content":{"rendered":"<p data-start=\"45\" data-end=\"230\">Com cada any, la nostra escola participa en el Certamen de Lectura en Veu Alta, organitzat pel Servei Educatiu del Pla d\u2019Urgell i que se celebra al Teatre l\u2019Amistat de Mollerussa.<\/p>\n<p data-start=\"45\" data-end=\"230\">Aquest any els representants de l\u2019escola que han arribat a la semifinal han estat la Lara de 4t, i el Dennis de 6\u00e8. Tots dos han llegit un fragment de les lectures que hem treballat durant el segon trimestre: <em data-start=\"436\" data-end=\"465\">Camil\u00b7la i la flauta m\u00e0gica<\/em> i <em data-start=\"468\" data-end=\"480\">Wen i Long<\/em>.<\/p>\n<p style=\"text-align: left;\" data-start=\"490\" data-end=\"593\">S\u2019ho han preparat amb entusiasme, dedicaci\u00f3 i molta il\u00b7lusi\u00f3, i la veritat \u00e9s que ho han fet molt b\u00e9. Enhorabona a aquests dos grans lectors!<\/p>\n<p style=\"text-align: left;\" data-start=\"490\" data-end=\"593\"><a href=\"https:\/\/agora.xtec.cat\/escfrancescarenes\/wp-content\/uploads\/usu674\/2026\/03\/foto_1024px.jpg\"><img loading=\"lazy\" decoding=\"async\" class=\"wp-image-9831 aligncenter\" src=\"https:\/\/agora.xtec.cat\/escfrancescarenes\/wp-content\/uploads\/usu674\/2026\/03\/foto_1024px-771x1024.jpg\" alt=\"\" width=\"267\" height=\"355\" srcset=\"https:\/\/agora.xtec.cat\/escfrancescarenes\/wp-content\/uploads\/usu674\/2026\/03\/foto_1024px-771x1024.jpg 771w, https:\/\/agora.xtec.cat\/escfrancescarenes\/wp-content\/uploads\/usu674\/2026\/03\/foto_1024px-226x300.jpg 226w, https:\/\/agora.xtec.cat\/escfrancescarenes\/wp-content\/uploads\/usu674\/2026\/03\/foto_1024px-768x1020.jpg 768w, https:\/\/agora.xtec.cat\/escfrancescarenes\/wp-content\/uploads\/usu674\/2026\/03\/foto_1024px.jpg 1024w\" sizes=\"auto, (max-width: 267px) 100vw, 267px\" \/><\/a><\/p>\n","protected":false},"excerpt":{"rendered":"<p>Com cada any, la nostra escola participa en el Certamen de Lectura en Veu Alta, organitzat pel Servei Educatiu del Pla d\u2019Urgell i que se celebra al Teatre l\u2019Amistat de Mollerussa. Aquest any els representants de l\u2019escola que han arribat a la semifinal han estat la Lara de 4t, i el Dennis de 6\u00e8. Tots [&hellip;]<\/p>\n","protected":false},"author":56,"featured_media":9838,"comment_status":"open","ping_status":"open","sticky":false,"template":"","format":"standard","meta":{"_bbp_topic_count":0,"_bbp_reply_count":0,"_bbp_total_topic_count":0,"_bbp_total_reply_count":0,"_bbp_voice_count":0,"_bbp_anonymous_reply_count":0,"_bbp_topic_count_hidden":0,"_bbp_reply_count_hidden":0,"_bbp_forum_subforum_count":0,"site-sidebar-layout":"default","site-content-layout":"","ast-site-content-layout":"default","site-content-style":"default","site-sidebar-style":"default","ast-global-header-display":"","ast-banner-title-visibility":"","ast-main-header-display":"","ast-hfb-above-header-display":"","ast-hfb-below-header-display":"","ast-hfb-mobile-header-display":"","site-post-title":"","ast-breadcrumbs-content":"","ast-featured-img":"","footer-sml-layout":"","theme-transparent-header-meta":"default","adv-header-id-meta":"","stick-header-meta":"","header-above-stick-meta":"","header-main-stick-meta":"","header-below-stick-meta":"","astra-migrate-meta-layouts":"set","ast-page-background-enabled":"default","ast-page-background-meta":{"desktop":{"background-color":"var(--ast-global-color-4)","background-image":"","background-repeat":"repeat","background-position":"center center","background-size":"auto","background-attachment":"scroll","background-type":"","background-media":"","overlay-type":"","overlay-color":"","overlay-opacity":"","overlay-gradient":""},"tablet":{"background-color":"","background-image":"","background-repeat":"repeat","background-position":"center center","background-size":"auto","background-attachment":"scroll","background-type":"","background-media":"","overlay-type":"","overlay-color":"","overlay-opacity":"","overlay-gradient":""},"mobile":{"background-color":"","background-image":"","background-repeat":"repeat","background-position":"center center","background-size":"auto","background-attachment":"scroll","background-type":"","background-media":"","overlay-type":"","overlay-color":"","overlay-opacity":"","overlay-gradient":""}},"ast-content-background-meta":{"desktop":{"background-color":"var(--ast-global-color-5)","background-image":"","background-repeat":"repeat","background-position":"center center","background-size":"auto","background-attachment":"scroll","background-type":"","background-media":"","overlay-type":"","overlay-color":"","overlay-opacity":"","overlay-gradient":""},"tablet":{"background-color":"var(--ast-global-color-5)","background-image":"","background-repeat":"repeat","background-position":"center center","background-size":"auto","background-attachment":"scroll","background-type":"","background-media":"","overlay-type":"","overlay-color":"","overlay-opacity":"","overlay-gradient":""},"mobile":{"background-color":"var(--ast-global-color-5)","background-image":"","background-repeat":"repeat","background-position":"center center","background-size":"auto","background-attachment":"scroll","background-type":"","background-media":"","overlay-type":"","overlay-color":"","overlay-opacity":"","overlay-gradient":""}},"footnotes":""},"categories":[12,5,1,4],"tags":[71,59,44],"class_list":["post-9830","post","type-post","status-publish","format-standard","has-post-thumbnail","hentry","category-3r-i-4t","category-primaria","category-general","category-portada","tag-cicle-mitja","tag-general","tag-portada"],"post_mailing_queue_ids":[],"_links":{"self":[{"href":"https:\/\/agora.xtec.cat\/escfrancescarenes\/wp-json\/wp\/v2\/posts\/9830","targetHints":{"allow":["GET"]}}],"collection":[{"href":"https:\/\/agora.xtec.cat\/escfrancescarenes\/wp-json\/wp\/v2\/posts"}],"about":[{"href":"https:\/\/agora.xtec.cat\/escfrancescarenes\/wp-json\/wp\/v2\/types\/post"}],"author":[{"embeddable":true,"href":"https:\/\/agora.xtec.cat\/escfrancescarenes\/wp-json\/wp\/v2\/users\/56"}],"replies":[{"embeddable":true,"href":"https:\/\/agora.xtec.cat\/escfrancescarenes\/wp-json\/wp\/v2\/comments?post=9830"}],"version-history":[{"count":2,"href":"https:\/\/agora.xtec.cat\/escfrancescarenes\/wp-json\/wp\/v2\/posts\/9830\/revisions"}],"predecessor-version":[{"id":9833,"href":"https:\/\/agora.xtec.cat\/escfrancescarenes\/wp-json\/wp\/v2\/posts\/9830\/revisions\/9833"}],"wp:featuredmedia":[{"embeddable":true,"href":"https:\/\/agora.xtec.cat\/escfrancescarenes\/wp-json\/wp\/v2\/media\/9838"}],"wp:attachment":[{"href":"https:\/\/agora.xtec.cat\/escfrancescarenes\/wp-json\/wp\/v2\/media?parent=9830"}],"wp:term":[{"taxonomy":"category","embeddable":true,"href":"https:\/\/agora.xtec.cat\/escfrancescarenes\/wp-json\/wp\/v2\/categories?post=9830"},{"taxonomy":"post_tag","embeddable":true,"href":"https:\/\/agora.xtec.cat\/escfrancescarenes\/wp-json\/wp\/v2\/tags?post=9830"}],"curies":[{"name":"wp","href":"https:\/\/api.w.org\/{rel}","templated":true}]}}