{"id":8938,"date":"2025-04-09T14:50:55","date_gmt":"2025-04-09T12:50:55","guid":{"rendered":"https:\/\/agora.xtec.cat\/escfrancescarenes\/?p=8938"},"modified":"2025-04-09T15:36:20","modified_gmt":"2025-04-09T13:36:20","slug":"visita-cultural-dels-alumnes-dei","status":"publish","type":"post","link":"https:\/\/agora.xtec.cat\/escfrancescarenes\/general\/visita-cultural-dels-alumnes-dei\/","title":{"rendered":"Visita cultural dels alumnes d&#8217;EI"},"content":{"rendered":"<p>Avui dimecres, tot l&#8217;alumnat d&#8217;educaci\u00f3 infantil, hem visitat els gegants de Golm\u00e9s. Hem tingut l&#8217;oportunitat de veure com s\u00f3n per dins i fixar-nos amb els detalls dels nostres gegants; Bernat i San\u00e7a, i el gegant\u00f3 Salvador. Despr\u00e9s els hem dibuixat i hem anat a veure els padrins de la llar a parlar una petita estona amb ells. Tamb\u00e9 hem descobert com funciona la biblioteca del poble, com s&#8217;organitza i hem mirat i escoltat molts contes. Ha estat un mat\u00ed ben diferent.<\/p>\n<p><a href=\"https:\/\/photos.app.goo.gl\/dSf3QZ4biRQy9SfQ6\"><img loading=\"lazy\" decoding=\"async\" class=\" wp-image-8939 aligncenter\" src=\"https:\/\/agora.xtec.cat\/escfrancescarenes\/wp-content\/uploads\/usu674\/2025\/04\/WhatsApp-Image-2025-04-09-at-14.24.21-300x300.jpeg\" alt=\"\" width=\"255\" height=\"255\" srcset=\"https:\/\/agora.xtec.cat\/escfrancescarenes\/wp-content\/uploads\/usu674\/2025\/04\/WhatsApp-Image-2025-04-09-at-14.24.21-300x300.jpeg 300w, https:\/\/agora.xtec.cat\/escfrancescarenes\/wp-content\/uploads\/usu674\/2025\/04\/WhatsApp-Image-2025-04-09-at-14.24.21-1024x1024.jpeg 1024w, https:\/\/agora.xtec.cat\/escfrancescarenes\/wp-content\/uploads\/usu674\/2025\/04\/WhatsApp-Image-2025-04-09-at-14.24.21-150x150.jpeg 150w, https:\/\/agora.xtec.cat\/escfrancescarenes\/wp-content\/uploads\/usu674\/2025\/04\/WhatsApp-Image-2025-04-09-at-14.24.21-768x768.jpeg 768w, https:\/\/agora.xtec.cat\/escfrancescarenes\/wp-content\/uploads\/usu674\/2025\/04\/WhatsApp-Image-2025-04-09-at-14.24.21-1536x1536.jpeg 1536w, https:\/\/agora.xtec.cat\/escfrancescarenes\/wp-content\/uploads\/usu674\/2025\/04\/WhatsApp-Image-2025-04-09-at-14.24.21.jpeg 2048w\" sizes=\"auto, (max-width: 255px) 100vw, 255px\" \/><\/a><\/p>\n","protected":false},"excerpt":{"rendered":"<p>Avui dimecres, tot l&#8217;alumnat d&#8217;educaci\u00f3 infantil, hem visitat els gegants de Golm\u00e9s. Hem tingut l&#8217;oportunitat de veure com s\u00f3n per dins i fixar-nos amb els detalls dels nostres gegants; Bernat i San\u00e7a, i el gegant\u00f3 Salvador. Despr\u00e9s els hem dibuixat i hem anat a veure els padrins de la llar a parlar una petita estona [&hellip;]<\/p>\n","protected":false},"author":64,"featured_media":0,"comment_status":"closed","ping_status":"closed","sticky":false,"template":"","format":"standard","meta":{"_bbp_topic_count":0,"_bbp_reply_count":0,"_bbp_total_topic_count":0,"_bbp_total_reply_count":0,"_bbp_voice_count":0,"_bbp_anonymous_reply_count":0,"_bbp_topic_count_hidden":0,"_bbp_reply_count_hidden":0,"_bbp_forum_subforum_count":0,"site-sidebar-layout":"default","site-content-layout":"","ast-site-content-layout":"","site-content-style":"default","site-sidebar-style":"default","ast-global-header-display":"","ast-banner-title-visibility":"","ast-main-header-display":"","ast-hfb-above-header-display":"","ast-hfb-below-header-display":"","ast-hfb-mobile-header-display":"","site-post-title":"","ast-breadcrumbs-content":"","ast-featured-img":"","footer-sml-layout":"","theme-transparent-header-meta":"","adv-header-id-meta":"","stick-header-meta":"","header-above-stick-meta":"","header-main-stick-meta":"","header-below-stick-meta":"","astra-migrate-meta-layouts":"default","ast-page-background-enabled":"default","ast-page-background-meta":{"desktop":{"background-color":"var(--ast-global-color-4)","background-image":"","background-repeat":"repeat","background-position":"center center","background-size":"auto","background-attachment":"scroll","background-type":"","background-media":"","overlay-type":"","overlay-color":"","overlay-opacity":"","overlay-gradient":""},"tablet":{"background-color":"","background-image":"","background-repeat":"repeat","background-position":"center center","background-size":"auto","background-attachment":"scroll","background-type":"","background-media":"","overlay-type":"","overlay-color":"","overlay-opacity":"","overlay-gradient":""},"mobile":{"background-color":"","background-image":"","background-repeat":"repeat","background-position":"center center","background-size":"auto","background-attachment":"scroll","background-type":"","background-media":"","overlay-type":"","overlay-color":"","overlay-opacity":"","overlay-gradient":""}},"ast-content-background-meta":{"desktop":{"background-color":"var(--ast-global-color-5)","background-image":"","background-repeat":"repeat","background-position":"center center","background-size":"auto","background-attachment":"scroll","background-type":"","background-media":"","overlay-type":"","overlay-color":"","overlay-opacity":"","overlay-gradient":""},"tablet":{"background-color":"var(--ast-global-color-5)","background-image":"","background-repeat":"repeat","background-position":"center center","background-size":"auto","background-attachment":"scroll","background-type":"","background-media":"","overlay-type":"","overlay-color":"","overlay-opacity":"","overlay-gradient":""},"mobile":{"background-color":"var(--ast-global-color-5)","background-image":"","background-repeat":"repeat","background-position":"center center","background-size":"auto","background-attachment":"scroll","background-type":"","background-media":"","overlay-type":"","overlay-color":"","overlay-opacity":"","overlay-gradient":""}},"footnotes":""},"categories":[2,1,4],"tags":[],"class_list":["post-8938","post","type-post","status-publish","format-standard","hentry","category-infantil","category-general","category-portada"],"post_mailing_queue_ids":[],"_links":{"self":[{"href":"https:\/\/agora.xtec.cat\/escfrancescarenes\/wp-json\/wp\/v2\/posts\/8938","targetHints":{"allow":["GET"]}}],"collection":[{"href":"https:\/\/agora.xtec.cat\/escfrancescarenes\/wp-json\/wp\/v2\/posts"}],"about":[{"href":"https:\/\/agora.xtec.cat\/escfrancescarenes\/wp-json\/wp\/v2\/types\/post"}],"author":[{"embeddable":true,"href":"https:\/\/agora.xtec.cat\/escfrancescarenes\/wp-json\/wp\/v2\/users\/64"}],"replies":[{"embeddable":true,"href":"https:\/\/agora.xtec.cat\/escfrancescarenes\/wp-json\/wp\/v2\/comments?post=8938"}],"version-history":[{"count":5,"href":"https:\/\/agora.xtec.cat\/escfrancescarenes\/wp-json\/wp\/v2\/posts\/8938\/revisions"}],"predecessor-version":[{"id":8944,"href":"https:\/\/agora.xtec.cat\/escfrancescarenes\/wp-json\/wp\/v2\/posts\/8938\/revisions\/8944"}],"wp:attachment":[{"href":"https:\/\/agora.xtec.cat\/escfrancescarenes\/wp-json\/wp\/v2\/media?parent=8938"}],"wp:term":[{"taxonomy":"category","embeddable":true,"href":"https:\/\/agora.xtec.cat\/escfrancescarenes\/wp-json\/wp\/v2\/categories?post=8938"},{"taxonomy":"post_tag","embeddable":true,"href":"https:\/\/agora.xtec.cat\/escfrancescarenes\/wp-json\/wp\/v2\/tags?post=8938"}],"curies":[{"name":"wp","href":"https:\/\/api.w.org\/{rel}","templated":true}]}}