{"id":8547,"date":"2024-12-19T10:10:15","date_gmt":"2024-12-19T09:10:15","guid":{"rendered":"https:\/\/agora.xtec.cat\/escfrancescarenes\/?p=8547"},"modified":"2024-12-19T10:10:15","modified_gmt":"2024-12-19T09:10:15","slug":"fem-teatre-a-cicle-mitja","status":"publish","type":"post","link":"https:\/\/agora.xtec.cat\/escfrancescarenes\/general\/fem-teatre-a-cicle-mitja\/","title":{"rendered":"Fem teatre a Cicle Mitj\u00e0!"},"content":{"rendered":"<p>Aquest trimestre l&#8217;alumnat de cicle mitj\u00e0, durant les tardes d&#8217;\u00e0mbit ling\u00fc\u00edstic, hem estat treballant amb molta il\u00b7lusi\u00f3 el m\u00f3n del teatre, hem fet activitats d&#8217;expressi\u00f3 oral, corporal i d&#8217;improvisaci\u00f3, per acabar representant unes obres de teatre. Els alumnes de tercer han representat &#8220;El Bosc de Mil Colors&#8221; i &#8220;Un desig&#8221;, l&#8217;alumnat de quart &#8220;La Rateta que llegia a l&#8217;escaleta&#8221;. Tots els companys de l&#8217;escola han gaudit molt de les escenificacions, com a novetat, aquest any, tamb\u00e9 han pogut assistir a la representaci\u00f3 les fam\u00edlies de cicle mitj\u00e0. Us deixem un recull de fotografies, veureu que b\u00e9 que ho van fer. Moltes felicitats, nois i noies!<\/p>\n<p>&nbsp;<\/p>\n<p><a href=\"https:\/\/photos.app.goo.gl\/Dc9HFXEd8sRx3rS28\"><img loading=\"lazy\" decoding=\"async\" class=\"aligncenter\" src=\"https:\/\/img.freepik.com\/vector-gratis\/escenario-teatro-mascaras-doradas-cortina-roja-ilustracion-vectorial_1284-41510.jpg\" alt=\"Vectores e ilustraciones de Teatro para descargar gratis | Freepik\" width=\"180\" height=\"140\" \/><\/a><\/p>\n","protected":false},"excerpt":{"rendered":"<p>Aquest trimestre l&#8217;alumnat de cicle mitj\u00e0, durant les tardes d&#8217;\u00e0mbit ling\u00fc\u00edstic, hem estat treballant amb molta il\u00b7lusi\u00f3 el m\u00f3n del teatre, hem fet activitats d&#8217;expressi\u00f3 oral, corporal i d&#8217;improvisaci\u00f3, per acabar representant unes obres de teatre. Els alumnes de tercer han representat &#8220;El Bosc de Mil Colors&#8221; i &#8220;Un desig&#8221;, l&#8217;alumnat de quart &#8220;La Rateta [&hellip;]<\/p>\n","protected":false},"author":16,"featured_media":0,"comment_status":"closed","ping_status":"closed","sticky":false,"template":"","format":"standard","meta":{"_bbp_topic_count":0,"_bbp_reply_count":0,"_bbp_total_topic_count":0,"_bbp_total_reply_count":0,"_bbp_voice_count":0,"_bbp_anonymous_reply_count":0,"_bbp_topic_count_hidden":0,"_bbp_reply_count_hidden":0,"_bbp_forum_subforum_count":0,"site-sidebar-layout":"default","site-content-layout":"","ast-site-content-layout":"","site-content-style":"default","site-sidebar-style":"default","ast-global-header-display":"","ast-banner-title-visibility":"","ast-main-header-display":"","ast-hfb-above-header-display":"","ast-hfb-below-header-display":"","ast-hfb-mobile-header-display":"","site-post-title":"","ast-breadcrumbs-content":"","ast-featured-img":"","footer-sml-layout":"","theme-transparent-header-meta":"","adv-header-id-meta":"","stick-header-meta":"","header-above-stick-meta":"","header-main-stick-meta":"","header-below-stick-meta":"","astra-migrate-meta-layouts":"default","ast-page-background-enabled":"default","ast-page-background-meta":{"desktop":{"background-color":"var(--ast-global-color-4)","background-image":"","background-repeat":"repeat","background-position":"center center","background-size":"auto","background-attachment":"scroll","background-type":"","background-media":"","overlay-type":"","overlay-color":"","overlay-opacity":"","overlay-gradient":""},"tablet":{"background-color":"","background-image":"","background-repeat":"repeat","background-position":"center center","background-size":"auto","background-attachment":"scroll","background-type":"","background-media":"","overlay-type":"","overlay-color":"","overlay-opacity":"","overlay-gradient":""},"mobile":{"background-color":"","background-image":"","background-repeat":"repeat","background-position":"center center","background-size":"auto","background-attachment":"scroll","background-type":"","background-media":"","overlay-type":"","overlay-color":"","overlay-opacity":"","overlay-gradient":""}},"ast-content-background-meta":{"desktop":{"background-color":"var(--ast-global-color-5)","background-image":"","background-repeat":"repeat","background-position":"center center","background-size":"auto","background-attachment":"scroll","background-type":"","background-media":"","overlay-type":"","overlay-color":"","overlay-opacity":"","overlay-gradient":""},"tablet":{"background-color":"var(--ast-global-color-5)","background-image":"","background-repeat":"repeat","background-position":"center center","background-size":"auto","background-attachment":"scroll","background-type":"","background-media":"","overlay-type":"","overlay-color":"","overlay-opacity":"","overlay-gradient":""},"mobile":{"background-color":"var(--ast-global-color-5)","background-image":"","background-repeat":"repeat","background-position":"center center","background-size":"auto","background-attachment":"scroll","background-type":"","background-media":"","overlay-type":"","overlay-color":"","overlay-opacity":"","overlay-gradient":""}},"footnotes":""},"categories":[12,5,1,4],"tags":[71,109],"class_list":["post-8547","post","type-post","status-publish","format-standard","hentry","category-3r-i-4t","category-primaria","category-general","category-portada","tag-cicle-mitja","tag-teatre"],"post_mailing_queue_ids":[],"_links":{"self":[{"href":"https:\/\/agora.xtec.cat\/escfrancescarenes\/wp-json\/wp\/v2\/posts\/8547","targetHints":{"allow":["GET"]}}],"collection":[{"href":"https:\/\/agora.xtec.cat\/escfrancescarenes\/wp-json\/wp\/v2\/posts"}],"about":[{"href":"https:\/\/agora.xtec.cat\/escfrancescarenes\/wp-json\/wp\/v2\/types\/post"}],"author":[{"embeddable":true,"href":"https:\/\/agora.xtec.cat\/escfrancescarenes\/wp-json\/wp\/v2\/users\/16"}],"replies":[{"embeddable":true,"href":"https:\/\/agora.xtec.cat\/escfrancescarenes\/wp-json\/wp\/v2\/comments?post=8547"}],"version-history":[{"count":2,"href":"https:\/\/agora.xtec.cat\/escfrancescarenes\/wp-json\/wp\/v2\/posts\/8547\/revisions"}],"predecessor-version":[{"id":8556,"href":"https:\/\/agora.xtec.cat\/escfrancescarenes\/wp-json\/wp\/v2\/posts\/8547\/revisions\/8556"}],"wp:attachment":[{"href":"https:\/\/agora.xtec.cat\/escfrancescarenes\/wp-json\/wp\/v2\/media?parent=8547"}],"wp:term":[{"taxonomy":"category","embeddable":true,"href":"https:\/\/agora.xtec.cat\/escfrancescarenes\/wp-json\/wp\/v2\/categories?post=8547"},{"taxonomy":"post_tag","embeddable":true,"href":"https:\/\/agora.xtec.cat\/escfrancescarenes\/wp-json\/wp\/v2\/tags?post=8547"}],"curies":[{"name":"wp","href":"https:\/\/api.w.org\/{rel}","templated":true}]}}