{"id":7942,"date":"2024-04-12T15:21:59","date_gmt":"2024-04-12T13:21:59","guid":{"rendered":"https:\/\/agora.xtec.cat\/escfrancescarenes\/?p=7942"},"modified":"2024-04-15T10:56:09","modified_gmt":"2024-04-15T08:56:09","slug":"forum-descoles-verdes","status":"publish","type":"post","link":"https:\/\/agora.xtec.cat\/escfrancescarenes\/general\/forum-descoles-verdes\/","title":{"rendered":"F\u00f2rum d&#8217;Escoles Verdes"},"content":{"rendered":"<p>El passat dijous 11 d\u2019abril quatre alumnes de cicle superior com a ecodelegats i en representaci\u00f3 del comit\u00e8 d\u2019Escola Verda, van participar en el F\u00f2rum d\u2019Escoles Verdes de Lleida juntament amb una representaci\u00f3 d\u2019alumnes vinguts de diferents escoles de la prov\u00edncia. \u00c9s una trobada que es realitza anualment i que aquest any s&#8217;ha celebrat a Mollerussa amb el lema &#8220;Biodiversitat i salut planet\u00e0ria&#8221;, en ella docents i alumnat comparteixen experi\u00e8ncies i intercanvien idees sobre sostenibilitat i conscienciaci\u00f3 ambiental.<\/p>\n<p>La jornada va comen\u00e7ar amb la benvinguda de les diferents parts implicades i va continuar amb la realitzaci\u00f3 de jocs i tallers. Vam finalitzar la jornada amb la Fira de Projectes, en la qual cada escola va explicar i il\u00b7lustrar en diferents materials accions i propostes dutes a terme a cada escola.<\/p>\n<p>Va ser una experi\u00e8ncia molt enriquidora, felicitats als organitzadors!<a href=\"https:\/\/photos.app.goo.gl\/VAyKi17vLh6mvexS7\"><img loading=\"lazy\" decoding=\"async\" class=\"aligncenter\" src=\"https:\/\/ime.olot.cat\/wp-content\/uploads\/2015\/11\/SomEscolaVerda.jpg\" alt=\"ESCOLES VERDES OLOT | Imeginaci\u00f3\" width=\"244\" height=\"99\" \/><\/a><\/p>\n","protected":false},"excerpt":{"rendered":"<p>El passat dijous 11 d\u2019abril quatre alumnes de cicle superior com a ecodelegats i en representaci\u00f3 del comit\u00e8 d\u2019Escola Verda, van participar en el F\u00f2rum d\u2019Escoles Verdes de Lleida juntament amb una representaci\u00f3 d\u2019alumnes vinguts de diferents escoles de la prov\u00edncia. \u00c9s una trobada que es realitza anualment i que aquest any s&#8217;ha celebrat a [&hellip;]<\/p>\n","protected":false},"author":16,"featured_media":0,"comment_status":"open","ping_status":"closed","sticky":false,"template":"","format":"standard","meta":{"_bbp_topic_count":0,"_bbp_reply_count":0,"_bbp_total_topic_count":0,"_bbp_total_reply_count":0,"_bbp_voice_count":0,"_bbp_anonymous_reply_count":0,"_bbp_topic_count_hidden":0,"_bbp_reply_count_hidden":0,"_bbp_forum_subforum_count":0,"site-sidebar-layout":"default","site-content-layout":"","ast-site-content-layout":"","site-content-style":"default","site-sidebar-style":"default","ast-global-header-display":"","ast-banner-title-visibility":"","ast-main-header-display":"","ast-hfb-above-header-display":"","ast-hfb-below-header-display":"","ast-hfb-mobile-header-display":"","site-post-title":"","ast-breadcrumbs-content":"","ast-featured-img":"","footer-sml-layout":"","theme-transparent-header-meta":"","adv-header-id-meta":"","stick-header-meta":"","header-above-stick-meta":"","header-main-stick-meta":"","header-below-stick-meta":"","astra-migrate-meta-layouts":"default","ast-page-background-enabled":"default","ast-page-background-meta":{"desktop":{"background-color":"var(--ast-global-color-4)","background-image":"","background-repeat":"repeat","background-position":"center center","background-size":"auto","background-attachment":"scroll","background-type":"","background-media":"","overlay-type":"","overlay-color":"","overlay-opacity":"","overlay-gradient":""},"tablet":{"background-color":"","background-image":"","background-repeat":"repeat","background-position":"center center","background-size":"auto","background-attachment":"scroll","background-type":"","background-media":"","overlay-type":"","overlay-color":"","overlay-opacity":"","overlay-gradient":""},"mobile":{"background-color":"","background-image":"","background-repeat":"repeat","background-position":"center center","background-size":"auto","background-attachment":"scroll","background-type":"","background-media":"","overlay-type":"","overlay-color":"","overlay-opacity":"","overlay-gradient":""}},"ast-content-background-meta":{"desktop":{"background-color":"var(--ast-global-color-5)","background-image":"","background-repeat":"repeat","background-position":"center center","background-size":"auto","background-attachment":"scroll","background-type":"","background-media":"","overlay-type":"","overlay-color":"","overlay-opacity":"","overlay-gradient":""},"tablet":{"background-color":"var(--ast-global-color-5)","background-image":"","background-repeat":"repeat","background-position":"center center","background-size":"auto","background-attachment":"scroll","background-type":"","background-media":"","overlay-type":"","overlay-color":"","overlay-opacity":"","overlay-gradient":""},"mobile":{"background-color":"var(--ast-global-color-5)","background-image":"","background-repeat":"repeat","background-position":"center center","background-size":"auto","background-attachment":"scroll","background-type":"","background-media":"","overlay-type":"","overlay-color":"","overlay-opacity":"","overlay-gradient":""}},"footnotes":""},"categories":[15,5,60,1,4,61],"tags":[278,50,477],"class_list":["post-7942","post","type-post","status-publish","format-standard","hentry","category-5e-i-6e","category-primaria","category-escola-verda","category-general","category-portada","category-sortides","tag-comissio-escola-verda","tag-escola-verda","tag-forum-escola-verda"],"post_mailing_queue_ids":[],"_links":{"self":[{"href":"https:\/\/agora.xtec.cat\/escfrancescarenes\/wp-json\/wp\/v2\/posts\/7942","targetHints":{"allow":["GET"]}}],"collection":[{"href":"https:\/\/agora.xtec.cat\/escfrancescarenes\/wp-json\/wp\/v2\/posts"}],"about":[{"href":"https:\/\/agora.xtec.cat\/escfrancescarenes\/wp-json\/wp\/v2\/types\/post"}],"author":[{"embeddable":true,"href":"https:\/\/agora.xtec.cat\/escfrancescarenes\/wp-json\/wp\/v2\/users\/16"}],"replies":[{"embeddable":true,"href":"https:\/\/agora.xtec.cat\/escfrancescarenes\/wp-json\/wp\/v2\/comments?post=7942"}],"version-history":[{"count":3,"href":"https:\/\/agora.xtec.cat\/escfrancescarenes\/wp-json\/wp\/v2\/posts\/7942\/revisions"}],"predecessor-version":[{"id":7945,"href":"https:\/\/agora.xtec.cat\/escfrancescarenes\/wp-json\/wp\/v2\/posts\/7942\/revisions\/7945"}],"wp:attachment":[{"href":"https:\/\/agora.xtec.cat\/escfrancescarenes\/wp-json\/wp\/v2\/media?parent=7942"}],"wp:term":[{"taxonomy":"category","embeddable":true,"href":"https:\/\/agora.xtec.cat\/escfrancescarenes\/wp-json\/wp\/v2\/categories?post=7942"},{"taxonomy":"post_tag","embeddable":true,"href":"https:\/\/agora.xtec.cat\/escfrancescarenes\/wp-json\/wp\/v2\/tags?post=7942"}],"curies":[{"name":"wp","href":"https:\/\/api.w.org\/{rel}","templated":true}]}}