{"id":7892,"date":"2024-03-21T13:20:55","date_gmt":"2024-03-21T12:20:55","guid":{"rendered":"https:\/\/agora.xtec.cat\/escfrancescarenes\/?p=7892"},"modified":"2024-04-08T14:26:57","modified_gmt":"2024-04-08T12:26:57","slug":"un-mati-amb-molt-activitats-a-cicle-superior","status":"publish","type":"post","link":"https:\/\/agora.xtec.cat\/escfrancescarenes\/portada\/un-mati-amb-molt-activitats-a-cicle-superior\/","title":{"rendered":"Un mat\u00ed amb moltes activitats a Cicle Superior"},"content":{"rendered":"<p>Avui hem treballat activitats relacionades amb la din\u00e0mica di\u00e0ria de la classe.<\/p>\n<p>Els dos cursos hem fet un Genially anomenat Els Guardes del Clima on hem tractat temes sobre el canvi clim\u00e0tic, el malbaratament d\u2019aigua, l\u2019estalvi d\u2019energia i el consum responsable. Hem hagut de desxifrar una s\u00e8rie de codis per arribar a una missi\u00f3 amb un missatge final.<\/p>\n<p>L\u2019alumnat de sis\u00e8, ha realitzat una exposici\u00f3 sobre la tasca final del projecte \u201cExploradors\u201d, on ha explicat la biografia i viatges de l\u2019explorador James Cook.<\/p>\n<p>Dues estudiants del Cicle Formatiu de T\u00e8cniques d\u2019Emerg\u00e8ncies Sanit\u00e0ries , l\u2019Anna Viles i l\u2019Anna Calvet, han fet una xerrada a la classe de cinqu\u00e8 sobre el Suport Vital B\u00e0sic. Ens han explicat molt b\u00e9 el que hem de fer quan ens trobem davant d\u2019una situaci\u00f3 d\u2019emerg\u00e8ncia. Han utilitzat ninos per simular diferents situacions. Hem apr\u00e8s un munt de sigles relacionades amb les emerg\u00e8ncies: PAS, RCP, DEA\u2026 Ha sigut una experi\u00e8ncia molt vivencial.<\/p>\n<p>Gr\u00e0cies a totes dues Annes per ensenyar-nos-ho tan b\u00e9.<\/p>\n<p style=\"text-align: center;\"><a href=\"https:\/\/photos.app.goo.gl\/9Qu8s9KahewvEyD47\"><img loading=\"lazy\" decoding=\"async\" class=\"alignnone size-full wp-image-7894\" src=\"https:\/\/agora.xtec.cat\/escfrancescarenes\/wp-content\/uploads\/usu674\/2024\/03\/guardes-del-clima.jpg\" alt=\"\" width=\"375\" height=\"134\" srcset=\"https:\/\/agora.xtec.cat\/escfrancescarenes\/wp-content\/uploads\/usu674\/2024\/03\/guardes-del-clima.jpg 375w, https:\/\/agora.xtec.cat\/escfrancescarenes\/wp-content\/uploads\/usu674\/2024\/03\/guardes-del-clima-300x107.jpg 300w\" sizes=\"auto, (max-width: 375px) 100vw, 375px\" \/><\/a><\/p>\n","protected":false},"excerpt":{"rendered":"<p>Avui hem treballat activitats relacionades amb la din\u00e0mica di\u00e0ria de la classe. Els dos cursos hem fet un Genially anomenat Els Guardes del Clima on hem tractat temes sobre el canvi clim\u00e0tic, el malbaratament d\u2019aigua, l\u2019estalvi d\u2019energia i el consum responsable. Hem hagut de desxifrar una s\u00e8rie de codis per arribar a una missi\u00f3 amb [&hellip;]<\/p>\n","protected":false},"author":56,"featured_media":0,"comment_status":"open","ping_status":"closed","sticky":false,"template":"","format":"standard","meta":{"_bbp_topic_count":0,"_bbp_reply_count":0,"_bbp_total_topic_count":0,"_bbp_total_reply_count":0,"_bbp_voice_count":0,"_bbp_anonymous_reply_count":0,"_bbp_topic_count_hidden":0,"_bbp_reply_count_hidden":0,"_bbp_forum_subforum_count":0,"site-sidebar-layout":"default","site-content-layout":"","ast-site-content-layout":"","site-content-style":"default","site-sidebar-style":"default","ast-global-header-display":"","ast-banner-title-visibility":"","ast-main-header-display":"","ast-hfb-above-header-display":"","ast-hfb-below-header-display":"","ast-hfb-mobile-header-display":"","site-post-title":"","ast-breadcrumbs-content":"","ast-featured-img":"","footer-sml-layout":"","theme-transparent-header-meta":"","adv-header-id-meta":"","stick-header-meta":"","header-above-stick-meta":"","header-main-stick-meta":"","header-below-stick-meta":"","astra-migrate-meta-layouts":"default","ast-page-background-enabled":"default","ast-page-background-meta":{"desktop":{"background-color":"var(--ast-global-color-4)","background-image":"","background-repeat":"repeat","background-position":"center center","background-size":"auto","background-attachment":"scroll","background-type":"","background-media":"","overlay-type":"","overlay-color":"","overlay-opacity":"","overlay-gradient":""},"tablet":{"background-color":"","background-image":"","background-repeat":"repeat","background-position":"center center","background-size":"auto","background-attachment":"scroll","background-type":"","background-media":"","overlay-type":"","overlay-color":"","overlay-opacity":"","overlay-gradient":""},"mobile":{"background-color":"","background-image":"","background-repeat":"repeat","background-position":"center center","background-size":"auto","background-attachment":"scroll","background-type":"","background-media":"","overlay-type":"","overlay-color":"","overlay-opacity":"","overlay-gradient":""}},"ast-content-background-meta":{"desktop":{"background-color":"var(--ast-global-color-5)","background-image":"","background-repeat":"repeat","background-position":"center center","background-size":"auto","background-attachment":"scroll","background-type":"","background-media":"","overlay-type":"","overlay-color":"","overlay-opacity":"","overlay-gradient":""},"tablet":{"background-color":"var(--ast-global-color-5)","background-image":"","background-repeat":"repeat","background-position":"center center","background-size":"auto","background-attachment":"scroll","background-type":"","background-media":"","overlay-type":"","overlay-color":"","overlay-opacity":"","overlay-gradient":""},"mobile":{"background-color":"var(--ast-global-color-5)","background-image":"","background-repeat":"repeat","background-position":"center center","background-size":"auto","background-attachment":"scroll","background-type":"","background-media":"","overlay-type":"","overlay-color":"","overlay-opacity":"","overlay-gradient":""}},"footnotes":""},"categories":[15,4],"tags":[69,44,139],"class_list":["post-7892","post","type-post","status-publish","format-standard","hentry","category-5e-i-6e","category-portada","tag-cicle-superior","tag-portada","tag-setmana-verda"],"post_mailing_queue_ids":[],"_links":{"self":[{"href":"https:\/\/agora.xtec.cat\/escfrancescarenes\/wp-json\/wp\/v2\/posts\/7892","targetHints":{"allow":["GET"]}}],"collection":[{"href":"https:\/\/agora.xtec.cat\/escfrancescarenes\/wp-json\/wp\/v2\/posts"}],"about":[{"href":"https:\/\/agora.xtec.cat\/escfrancescarenes\/wp-json\/wp\/v2\/types\/post"}],"author":[{"embeddable":true,"href":"https:\/\/agora.xtec.cat\/escfrancescarenes\/wp-json\/wp\/v2\/users\/56"}],"replies":[{"embeddable":true,"href":"https:\/\/agora.xtec.cat\/escfrancescarenes\/wp-json\/wp\/v2\/comments?post=7892"}],"version-history":[{"count":2,"href":"https:\/\/agora.xtec.cat\/escfrancescarenes\/wp-json\/wp\/v2\/posts\/7892\/revisions"}],"predecessor-version":[{"id":7941,"href":"https:\/\/agora.xtec.cat\/escfrancescarenes\/wp-json\/wp\/v2\/posts\/7892\/revisions\/7941"}],"wp:attachment":[{"href":"https:\/\/agora.xtec.cat\/escfrancescarenes\/wp-json\/wp\/v2\/media?parent=7892"}],"wp:term":[{"taxonomy":"category","embeddable":true,"href":"https:\/\/agora.xtec.cat\/escfrancescarenes\/wp-json\/wp\/v2\/categories?post=7892"},{"taxonomy":"post_tag","embeddable":true,"href":"https:\/\/agora.xtec.cat\/escfrancescarenes\/wp-json\/wp\/v2\/tags?post=7892"}],"curies":[{"name":"wp","href":"https:\/\/api.w.org\/{rel}","templated":true}]}}