{"id":7829,"date":"2024-03-19T18:09:04","date_gmt":"2024-03-19T17:09:04","guid":{"rendered":"https:\/\/agora.xtec.cat\/escfrancescarenes\/?p=7829"},"modified":"2024-03-19T18:09:04","modified_gmt":"2024-03-19T17:09:04","slug":"poema-maria-merce-marcal-a-ei","status":"publish","type":"post","link":"https:\/\/agora.xtec.cat\/escfrancescarenes\/general\/poema-maria-merce-marcal-a-ei\/","title":{"rendered":"Poema Maria Merc\u00e8 Mar\u00e7al a EI"},"content":{"rendered":"<p>Aquesta tarda, a les classes d&#8217;educaci\u00f3 infantil hem fet activitats relacionades el poema &#8220;Can\u00e7\u00f3 de saltar a corda&#8221; de Maria Merc\u00e8 Mar\u00e7al.<\/p>\n<p>Anteriorment, ja hav\u00edem llegit el poema i hav\u00edem parlat de la pluja i les bruixes. Tamb\u00e9 vam poder con\u00e8ixer una mica la vida d&#8217;aquesta poeta d&#8217;Ivars d&#8217;Urgell.<\/p>\n<p>Avui hem jugat a &#8220;Conillets a amagar&#8221;, un joc popular que cantava la canalla als nostres pobles i, despr\u00e9s, hem fet un conillet amb papers de colors.<\/p>\n<p>Ens ho hem passat molt b\u00e9 i\u00a0 podeu veure el\u00a0 recull de fotos si cliqueu a la imatge.<\/p>\n<p><a href=\"https:\/\/photos.app.goo.gl\/Hvom8AadXZBaY32z9\"><img loading=\"lazy\" decoding=\"async\" class=\"aligncenter wp-image-7832 size-full\" src=\"https:\/\/agora.xtec.cat\/escfrancescarenes\/wp-content\/uploads\/usu674\/2024\/03\/poema-1.jpg\" alt=\"\" width=\"118\" height=\"225\" \/><\/a><\/p>\n","protected":false},"excerpt":{"rendered":"<p>Aquesta tarda, a les classes d&#8217;educaci\u00f3 infantil hem fet activitats relacionades el poema &#8220;Can\u00e7\u00f3 de saltar a corda&#8221; de Maria Merc\u00e8 Mar\u00e7al. Anteriorment, ja hav\u00edem llegit el poema i hav\u00edem parlat de la pluja i les bruixes. Tamb\u00e9 vam poder con\u00e8ixer una mica la vida d&#8217;aquesta poeta d&#8217;Ivars d&#8217;Urgell. Avui hem jugat a &#8220;Conillets a [&hellip;]<\/p>\n","protected":false},"author":26,"featured_media":0,"comment_status":"closed","ping_status":"closed","sticky":false,"template":"","format":"standard","meta":{"_bbp_topic_count":0,"_bbp_reply_count":0,"_bbp_total_topic_count":0,"_bbp_total_reply_count":0,"_bbp_voice_count":0,"_bbp_anonymous_reply_count":0,"_bbp_topic_count_hidden":0,"_bbp_reply_count_hidden":0,"_bbp_forum_subforum_count":0,"site-sidebar-layout":"default","site-content-layout":"","ast-site-content-layout":"","site-content-style":"default","site-sidebar-style":"default","ast-global-header-display":"","ast-banner-title-visibility":"","ast-main-header-display":"","ast-hfb-above-header-display":"","ast-hfb-below-header-display":"","ast-hfb-mobile-header-display":"","site-post-title":"","ast-breadcrumbs-content":"","ast-featured-img":"","footer-sml-layout":"","theme-transparent-header-meta":"","adv-header-id-meta":"","stick-header-meta":"","header-above-stick-meta":"","header-main-stick-meta":"","header-below-stick-meta":"","astra-migrate-meta-layouts":"default","ast-page-background-enabled":"default","ast-page-background-meta":{"desktop":{"background-color":"var(--ast-global-color-4)","background-image":"","background-repeat":"repeat","background-position":"center center","background-size":"auto","background-attachment":"scroll","background-type":"","background-media":"","overlay-type":"","overlay-color":"","overlay-opacity":"","overlay-gradient":""},"tablet":{"background-color":"","background-image":"","background-repeat":"repeat","background-position":"center center","background-size":"auto","background-attachment":"scroll","background-type":"","background-media":"","overlay-type":"","overlay-color":"","overlay-opacity":"","overlay-gradient":""},"mobile":{"background-color":"","background-image":"","background-repeat":"repeat","background-position":"center center","background-size":"auto","background-attachment":"scroll","background-type":"","background-media":"","overlay-type":"","overlay-color":"","overlay-opacity":"","overlay-gradient":""}},"ast-content-background-meta":{"desktop":{"background-color":"var(--ast-global-color-5)","background-image":"","background-repeat":"repeat","background-position":"center center","background-size":"auto","background-attachment":"scroll","background-type":"","background-media":"","overlay-type":"","overlay-color":"","overlay-opacity":"","overlay-gradient":""},"tablet":{"background-color":"var(--ast-global-color-5)","background-image":"","background-repeat":"repeat","background-position":"center center","background-size":"auto","background-attachment":"scroll","background-type":"","background-media":"","overlay-type":"","overlay-color":"","overlay-opacity":"","overlay-gradient":""},"mobile":{"background-color":"var(--ast-global-color-5)","background-image":"","background-repeat":"repeat","background-position":"center center","background-size":"auto","background-attachment":"scroll","background-type":"","background-media":"","overlay-type":"","overlay-color":"","overlay-opacity":"","overlay-gradient":""}},"footnotes":""},"categories":[2,1,4],"tags":[160,460],"class_list":["post-7829","post","type-post","status-publish","format-standard","hentry","category-infantil","category-general","category-portada","tag-educacio-infantil","tag-poema"],"post_mailing_queue_ids":[],"_links":{"self":[{"href":"https:\/\/agora.xtec.cat\/escfrancescarenes\/wp-json\/wp\/v2\/posts\/7829","targetHints":{"allow":["GET"]}}],"collection":[{"href":"https:\/\/agora.xtec.cat\/escfrancescarenes\/wp-json\/wp\/v2\/posts"}],"about":[{"href":"https:\/\/agora.xtec.cat\/escfrancescarenes\/wp-json\/wp\/v2\/types\/post"}],"author":[{"embeddable":true,"href":"https:\/\/agora.xtec.cat\/escfrancescarenes\/wp-json\/wp\/v2\/users\/26"}],"replies":[{"embeddable":true,"href":"https:\/\/agora.xtec.cat\/escfrancescarenes\/wp-json\/wp\/v2\/comments?post=7829"}],"version-history":[{"count":4,"href":"https:\/\/agora.xtec.cat\/escfrancescarenes\/wp-json\/wp\/v2\/posts\/7829\/revisions"}],"predecessor-version":[{"id":7834,"href":"https:\/\/agora.xtec.cat\/escfrancescarenes\/wp-json\/wp\/v2\/posts\/7829\/revisions\/7834"}],"wp:attachment":[{"href":"https:\/\/agora.xtec.cat\/escfrancescarenes\/wp-json\/wp\/v2\/media?parent=7829"}],"wp:term":[{"taxonomy":"category","embeddable":true,"href":"https:\/\/agora.xtec.cat\/escfrancescarenes\/wp-json\/wp\/v2\/categories?post=7829"},{"taxonomy":"post_tag","embeddable":true,"href":"https:\/\/agora.xtec.cat\/escfrancescarenes\/wp-json\/wp\/v2\/tags?post=7829"}],"curies":[{"name":"wp","href":"https:\/\/api.w.org\/{rel}","templated":true}]}}