{"id":7812,"date":"2024-03-21T13:14:40","date_gmt":"2024-03-21T12:14:40","guid":{"rendered":"https:\/\/agora.xtec.cat\/escfrancescarenes\/?p=7812"},"modified":"2024-03-21T13:14:40","modified_gmt":"2024-03-21T12:14:40","slug":"sortida-a-peu-a-mollerussa","status":"publish","type":"post","link":"https:\/\/agora.xtec.cat\/escfrancescarenes\/general\/sortida-a-peu-a-mollerussa\/","title":{"rendered":"Sortida a peu a Mollerussa"},"content":{"rendered":"<p>L\u2019alumnat de cicle mitj\u00e0, utilitzant el voral que es va construir l&#8217;any passat, hem anat a Mollerussa a fer dues activitats. La primera relacionada amb el consum responsable, hem fet un taller organitzat per l&#8217;empresa &#8220;Caprabo&#8221; el qual pret\u00e9n conscienciar l&#8217;alumnat sobre la import\u00e0ncia que l&#8217;acte de la compra t\u00e9 en la salut i en l&#8217;entorn. Ha estat una activitat l\u00fadica i educativa on, acompanyats per una dietista &#8211; nutricionista, l&#8217;alumnat ha pogut fer una compra simulada i aix\u00ed consolidar aprenentatges duts a terme a l&#8217;aula.<\/p>\n<p>En la segona hem intentat orientar-nos amb l&#8217;ajuda d&#8217;un mapa pel pol\u00edgon industrial, tot un repte!<\/p>\n<p>Despr\u00e9s d\u2019aquestes activitats hem anat a agafar forces, hem dinat i hem gaudit d&#8217;una estona de temps lliure.<\/p>\n<p><a href=\"https:\/\/photos.app.goo.gl\/ZQXuXFog523wc5uNA\"><img loading=\"lazy\" decoding=\"async\" class=\"size-medium wp-image-7865 aligncenter\" src=\"https:\/\/agora.xtec.cat\/escfrancescarenes\/wp-content\/uploads\/usu674\/2024\/03\/IMG_5707-300x225.jpg\" alt=\"\" width=\"300\" height=\"225\" srcset=\"https:\/\/agora.xtec.cat\/escfrancescarenes\/wp-content\/uploads\/usu674\/2024\/03\/IMG_5707-300x225.jpg 300w, https:\/\/agora.xtec.cat\/escfrancescarenes\/wp-content\/uploads\/usu674\/2024\/03\/IMG_5707-768x576.jpg 768w, https:\/\/agora.xtec.cat\/escfrancescarenes\/wp-content\/uploads\/usu674\/2024\/03\/IMG_5707-200x150.jpg 200w, https:\/\/agora.xtec.cat\/escfrancescarenes\/wp-content\/uploads\/usu674\/2024\/03\/IMG_5707.jpg 1000w\" sizes=\"auto, (max-width: 300px) 100vw, 300px\" \/><\/a><\/p>\n","protected":false},"excerpt":{"rendered":"<p>L\u2019alumnat de cicle mitj\u00e0, utilitzant el voral que es va construir l&#8217;any passat, hem anat a Mollerussa a fer dues activitats. La primera relacionada amb el consum responsable, hem fet un taller organitzat per l&#8217;empresa &#8220;Caprabo&#8221; el qual pret\u00e9n conscienciar l&#8217;alumnat sobre la import\u00e0ncia que l&#8217;acte de la compra t\u00e9 en la salut i en [&hellip;]<\/p>\n","protected":false},"author":16,"featured_media":0,"comment_status":"open","ping_status":"closed","sticky":false,"template":"","format":"standard","meta":{"_bbp_topic_count":0,"_bbp_reply_count":0,"_bbp_total_topic_count":0,"_bbp_total_reply_count":0,"_bbp_voice_count":0,"_bbp_anonymous_reply_count":0,"_bbp_topic_count_hidden":0,"_bbp_reply_count_hidden":0,"_bbp_forum_subforum_count":0,"site-sidebar-layout":"default","site-content-layout":"","ast-site-content-layout":"","site-content-style":"default","site-sidebar-style":"default","ast-global-header-display":"","ast-banner-title-visibility":"","ast-main-header-display":"","ast-hfb-above-header-display":"","ast-hfb-below-header-display":"","ast-hfb-mobile-header-display":"","site-post-title":"","ast-breadcrumbs-content":"","ast-featured-img":"","footer-sml-layout":"","theme-transparent-header-meta":"","adv-header-id-meta":"","stick-header-meta":"","header-above-stick-meta":"","header-main-stick-meta":"","header-below-stick-meta":"","astra-migrate-meta-layouts":"default","ast-page-background-enabled":"default","ast-page-background-meta":{"desktop":{"background-color":"var(--ast-global-color-4)","background-image":"","background-repeat":"repeat","background-position":"center center","background-size":"auto","background-attachment":"scroll","background-type":"","background-media":"","overlay-type":"","overlay-color":"","overlay-opacity":"","overlay-gradient":""},"tablet":{"background-color":"","background-image":"","background-repeat":"repeat","background-position":"center center","background-size":"auto","background-attachment":"scroll","background-type":"","background-media":"","overlay-type":"","overlay-color":"","overlay-opacity":"","overlay-gradient":""},"mobile":{"background-color":"","background-image":"","background-repeat":"repeat","background-position":"center center","background-size":"auto","background-attachment":"scroll","background-type":"","background-media":"","overlay-type":"","overlay-color":"","overlay-opacity":"","overlay-gradient":""}},"ast-content-background-meta":{"desktop":{"background-color":"var(--ast-global-color-5)","background-image":"","background-repeat":"repeat","background-position":"center center","background-size":"auto","background-attachment":"scroll","background-type":"","background-media":"","overlay-type":"","overlay-color":"","overlay-opacity":"","overlay-gradient":""},"tablet":{"background-color":"var(--ast-global-color-5)","background-image":"","background-repeat":"repeat","background-position":"center center","background-size":"auto","background-attachment":"scroll","background-type":"","background-media":"","overlay-type":"","overlay-color":"","overlay-opacity":"","overlay-gradient":""},"mobile":{"background-color":"var(--ast-global-color-5)","background-image":"","background-repeat":"repeat","background-position":"center center","background-size":"auto","background-attachment":"scroll","background-type":"","background-media":"","overlay-type":"","overlay-color":"","overlay-opacity":"","overlay-gradient":""}},"footnotes":""},"categories":[12,5,1,61],"tags":[466,397,468,467],"class_list":["post-7812","post","type-post","status-publish","format-standard","hentry","category-3r-i-4t","category-primaria","category-general","category-sortides","tag-caprabo","tag-cm","tag-mollerussa","tag-sortida-a-peu"],"post_mailing_queue_ids":[],"_links":{"self":[{"href":"https:\/\/agora.xtec.cat\/escfrancescarenes\/wp-json\/wp\/v2\/posts\/7812","targetHints":{"allow":["GET"]}}],"collection":[{"href":"https:\/\/agora.xtec.cat\/escfrancescarenes\/wp-json\/wp\/v2\/posts"}],"about":[{"href":"https:\/\/agora.xtec.cat\/escfrancescarenes\/wp-json\/wp\/v2\/types\/post"}],"author":[{"embeddable":true,"href":"https:\/\/agora.xtec.cat\/escfrancescarenes\/wp-json\/wp\/v2\/users\/16"}],"replies":[{"embeddable":true,"href":"https:\/\/agora.xtec.cat\/escfrancescarenes\/wp-json\/wp\/v2\/comments?post=7812"}],"version-history":[{"count":4,"href":"https:\/\/agora.xtec.cat\/escfrancescarenes\/wp-json\/wp\/v2\/posts\/7812\/revisions"}],"predecessor-version":[{"id":7869,"href":"https:\/\/agora.xtec.cat\/escfrancescarenes\/wp-json\/wp\/v2\/posts\/7812\/revisions\/7869"}],"wp:attachment":[{"href":"https:\/\/agora.xtec.cat\/escfrancescarenes\/wp-json\/wp\/v2\/media?parent=7812"}],"wp:term":[{"taxonomy":"category","embeddable":true,"href":"https:\/\/agora.xtec.cat\/escfrancescarenes\/wp-json\/wp\/v2\/categories?post=7812"},{"taxonomy":"post_tag","embeddable":true,"href":"https:\/\/agora.xtec.cat\/escfrancescarenes\/wp-json\/wp\/v2\/tags?post=7812"}],"curies":[{"name":"wp","href":"https:\/\/api.w.org\/{rel}","templated":true}]}}