{"id":7773,"date":"2024-03-18T16:07:30","date_gmt":"2024-03-18T15:07:30","guid":{"rendered":"https:\/\/agora.xtec.cat\/escfrancescarenes\/?p=7773"},"modified":"2024-03-18T16:25:00","modified_gmt":"2024-03-18T15:25:00","slug":"a-c-i-coneixem-a-maria-merce-marcal","status":"publish","type":"post","link":"https:\/\/agora.xtec.cat\/escfrancescarenes\/general\/a-c-i-coneixem-a-maria-merce-marcal\/","title":{"rendered":"A C.I coneixem a Maria Merc\u00e8 Mar\u00e7al"},"content":{"rendered":"<p>Comencem la Setmana Verda coneixent a la poetessa d&#8217;Ivars d&#8217;Urgell, Maria Merc\u00e8 Mar\u00e7al.<\/p>\n<p>L&#8217;alumnat de 1r i 2n hem estat treballant un poema que es titula &#8220;Can\u00e7\u00f3 de saltar a corda&#8221;. Tamb\u00e9 hem conegut la seva vida, qu\u00e8 li agradava fer, on va estudiar i quan va morir.<\/p>\n<p>Per interioritzar el poema, que anteriorment el vam plastificar, com un punt de llibre, l&#8217;hem anat llegint i omplint uns espais en buit.<\/p>\n<p>A m\u00e9s, intentarem memoritzar una estrofa del poema.<\/p>\n<p>Aqu\u00ed podeu veure algunes fotografies.<\/p>\n<p><a href=\"https:\/\/photos.app.goo.gl\/Ur6ZWRxSYGdypE3w6\"><img loading=\"lazy\" decoding=\"async\" class=\"size-medium wp-image-7774 aligncenter\" src=\"https:\/\/agora.xtec.cat\/escfrancescarenes\/wp-content\/uploads\/usu674\/2024\/03\/IMG20240318115112-300x300.jpg\" alt=\"\" width=\"300\" height=\"300\" srcset=\"https:\/\/agora.xtec.cat\/escfrancescarenes\/wp-content\/uploads\/usu674\/2024\/03\/IMG20240318115112-300x300.jpg 300w, https:\/\/agora.xtec.cat\/escfrancescarenes\/wp-content\/uploads\/usu674\/2024\/03\/IMG20240318115112-150x150.jpg 150w, https:\/\/agora.xtec.cat\/escfrancescarenes\/wp-content\/uploads\/usu674\/2024\/03\/IMG20240318115112.jpg 768w\" sizes=\"auto, (max-width: 300px) 100vw, 300px\" \/><\/a><\/p>\n<p>&nbsp;<\/p>\n<p>&nbsp;<\/p>\n","protected":false},"excerpt":{"rendered":"<p>Comencem la Setmana Verda coneixent a la poetessa d&#8217;Ivars d&#8217;Urgell, Maria Merc\u00e8 Mar\u00e7al. L&#8217;alumnat de 1r i 2n hem estat treballant un poema que es titula &#8220;Can\u00e7\u00f3 de saltar a corda&#8221;. Tamb\u00e9 hem conegut la seva vida, qu\u00e8 li agradava fer, on va estudiar i quan va morir. Per interioritzar el poema, que anteriorment el [&hellip;]<\/p>\n","protected":false},"author":14,"featured_media":0,"comment_status":"open","ping_status":"closed","sticky":false,"template":"","format":"standard","meta":{"_bbp_topic_count":0,"_bbp_reply_count":0,"_bbp_total_topic_count":0,"_bbp_total_reply_count":0,"_bbp_voice_count":0,"_bbp_anonymous_reply_count":0,"_bbp_topic_count_hidden":0,"_bbp_reply_count_hidden":0,"_bbp_forum_subforum_count":0,"site-sidebar-layout":"default","site-content-layout":"","ast-site-content-layout":"","site-content-style":"default","site-sidebar-style":"default","ast-global-header-display":"","ast-banner-title-visibility":"","ast-main-header-display":"","ast-hfb-above-header-display":"","ast-hfb-below-header-display":"","ast-hfb-mobile-header-display":"","site-post-title":"","ast-breadcrumbs-content":"","ast-featured-img":"","footer-sml-layout":"","theme-transparent-header-meta":"","adv-header-id-meta":"","stick-header-meta":"","header-above-stick-meta":"","header-main-stick-meta":"","header-below-stick-meta":"","astra-migrate-meta-layouts":"default","ast-page-background-enabled":"default","ast-page-background-meta":{"desktop":{"background-color":"var(--ast-global-color-4)","background-image":"","background-repeat":"repeat","background-position":"center center","background-size":"auto","background-attachment":"scroll","background-type":"","background-media":"","overlay-type":"","overlay-color":"","overlay-opacity":"","overlay-gradient":""},"tablet":{"background-color":"","background-image":"","background-repeat":"repeat","background-position":"center center","background-size":"auto","background-attachment":"scroll","background-type":"","background-media":"","overlay-type":"","overlay-color":"","overlay-opacity":"","overlay-gradient":""},"mobile":{"background-color":"","background-image":"","background-repeat":"repeat","background-position":"center center","background-size":"auto","background-attachment":"scroll","background-type":"","background-media":"","overlay-type":"","overlay-color":"","overlay-opacity":"","overlay-gradient":""}},"ast-content-background-meta":{"desktop":{"background-color":"var(--ast-global-color-5)","background-image":"","background-repeat":"repeat","background-position":"center center","background-size":"auto","background-attachment":"scroll","background-type":"","background-media":"","overlay-type":"","overlay-color":"","overlay-opacity":"","overlay-gradient":""},"tablet":{"background-color":"var(--ast-global-color-5)","background-image":"","background-repeat":"repeat","background-position":"center center","background-size":"auto","background-attachment":"scroll","background-type":"","background-media":"","overlay-type":"","overlay-color":"","overlay-opacity":"","overlay-gradient":""},"mobile":{"background-color":"var(--ast-global-color-5)","background-image":"","background-repeat":"repeat","background-position":"center center","background-size":"auto","background-attachment":"scroll","background-type":"","background-media":"","overlay-type":"","overlay-color":"","overlay-opacity":"","overlay-gradient":""}},"footnotes":""},"categories":[10,5,1,4],"tags":[457],"class_list":["post-7773","post","type-post","status-publish","format-standard","hentry","category-1r-i-2n","category-primaria","category-general","category-portada","tag-maria-merce-marcal"],"post_mailing_queue_ids":[],"_links":{"self":[{"href":"https:\/\/agora.xtec.cat\/escfrancescarenes\/wp-json\/wp\/v2\/posts\/7773","targetHints":{"allow":["GET"]}}],"collection":[{"href":"https:\/\/agora.xtec.cat\/escfrancescarenes\/wp-json\/wp\/v2\/posts"}],"about":[{"href":"https:\/\/agora.xtec.cat\/escfrancescarenes\/wp-json\/wp\/v2\/types\/post"}],"author":[{"embeddable":true,"href":"https:\/\/agora.xtec.cat\/escfrancescarenes\/wp-json\/wp\/v2\/users\/14"}],"replies":[{"embeddable":true,"href":"https:\/\/agora.xtec.cat\/escfrancescarenes\/wp-json\/wp\/v2\/comments?post=7773"}],"version-history":[{"count":3,"href":"https:\/\/agora.xtec.cat\/escfrancescarenes\/wp-json\/wp\/v2\/posts\/7773\/revisions"}],"predecessor-version":[{"id":7778,"href":"https:\/\/agora.xtec.cat\/escfrancescarenes\/wp-json\/wp\/v2\/posts\/7773\/revisions\/7778"}],"wp:attachment":[{"href":"https:\/\/agora.xtec.cat\/escfrancescarenes\/wp-json\/wp\/v2\/media?parent=7773"}],"wp:term":[{"taxonomy":"category","embeddable":true,"href":"https:\/\/agora.xtec.cat\/escfrancescarenes\/wp-json\/wp\/v2\/categories?post=7773"},{"taxonomy":"post_tag","embeddable":true,"href":"https:\/\/agora.xtec.cat\/escfrancescarenes\/wp-json\/wp\/v2\/tags?post=7773"}],"curies":[{"name":"wp","href":"https:\/\/api.w.org\/{rel}","templated":true}]}}