{"id":7710,"date":"2024-03-12T18:47:36","date_gmt":"2024-03-12T17:47:36","guid":{"rendered":"https:\/\/agora.xtec.cat\/escfrancescarenes\/?p=7710"},"modified":"2024-03-12T18:47:36","modified_gmt":"2024-03-12T17:47:36","slug":"stop-motion-a-4t-activitats-civiques-i-culturals","status":"publish","type":"post","link":"https:\/\/agora.xtec.cat\/escfrancescarenes\/general\/stop-motion-a-4t-activitats-civiques-i-culturals\/","title":{"rendered":"Stop-motion a 4t (Activitats c\u00edviques i culturals)"},"content":{"rendered":"<p>L&#8217;alumnat de 4t ha preparat uns v\u00eddeos sobre valors a Activitats c\u00edviques i culturals. Els han realitzat amb la t\u00e8cnica d&#8217;animaci\u00f3 stop-motion, que consisteix a capturar fotografies, movent els elements lleugerament per tal de produir una sensaci\u00f3 de moviment.<\/p>\n<p>Per grups, han elaborat un gui\u00f3, han preparat l&#8217;escenografia i els materials que necessitaven, i finalment han fet les fotografies corresponents per tal d&#8217;obtenir el resultat final.<\/p>\n<p>A continuaci\u00f3, us deixem un recull de fotografies.<\/p>\n<p><a href=\"https:\/\/photos.app.goo.gl\/3Rb6VZj3JmCuj2QSA\"><img loading=\"lazy\" decoding=\"async\" class=\"wp-image-7715 aligncenter\" src=\"https:\/\/agora.xtec.cat\/escfrancescarenes\/wp-content\/uploads\/usu674\/2024\/03\/Stop-motion-724x1024.jpg\" alt=\"\" width=\"201\" height=\"284\" srcset=\"https:\/\/agora.xtec.cat\/escfrancescarenes\/wp-content\/uploads\/usu674\/2024\/03\/Stop-motion-724x1024.jpg 724w, https:\/\/agora.xtec.cat\/escfrancescarenes\/wp-content\/uploads\/usu674\/2024\/03\/Stop-motion-212x300.jpg 212w, https:\/\/agora.xtec.cat\/escfrancescarenes\/wp-content\/uploads\/usu674\/2024\/03\/Stop-motion-768x1086.jpg 768w, https:\/\/agora.xtec.cat\/escfrancescarenes\/wp-content\/uploads\/usu674\/2024\/03\/Stop-motion-1086x1536.jpg 1086w, https:\/\/agora.xtec.cat\/escfrancescarenes\/wp-content\/uploads\/usu674\/2024\/03\/Stop-motion.jpg 1414w\" sizes=\"auto, (max-width: 201px) 100vw, 201px\" \/><\/a><\/p>\n","protected":false},"excerpt":{"rendered":"<p>L&#8217;alumnat de 4t ha preparat uns v\u00eddeos sobre valors a Activitats c\u00edviques i culturals. Els han realitzat amb la t\u00e8cnica d&#8217;animaci\u00f3 stop-motion, que consisteix a capturar fotografies, movent els elements lleugerament per tal de produir una sensaci\u00f3 de moviment. Per grups, han elaborat un gui\u00f3, han preparat l&#8217;escenografia i els materials que necessitaven, i finalment [&hellip;]<\/p>\n","protected":false},"author":31,"featured_media":0,"comment_status":"open","ping_status":"closed","sticky":false,"template":"","format":"standard","meta":{"_bbp_topic_count":0,"_bbp_reply_count":0,"_bbp_total_topic_count":0,"_bbp_total_reply_count":0,"_bbp_voice_count":0,"_bbp_anonymous_reply_count":0,"_bbp_topic_count_hidden":0,"_bbp_reply_count_hidden":0,"_bbp_forum_subforum_count":0,"site-sidebar-layout":"default","site-content-layout":"","ast-site-content-layout":"","site-content-style":"default","site-sidebar-style":"default","ast-global-header-display":"","ast-banner-title-visibility":"","ast-main-header-display":"","ast-hfb-above-header-display":"","ast-hfb-below-header-display":"","ast-hfb-mobile-header-display":"","site-post-title":"","ast-breadcrumbs-content":"","ast-featured-img":"","footer-sml-layout":"","theme-transparent-header-meta":"","adv-header-id-meta":"","stick-header-meta":"","header-above-stick-meta":"","header-main-stick-meta":"","header-below-stick-meta":"","astra-migrate-meta-layouts":"default","ast-page-background-enabled":"default","ast-page-background-meta":{"desktop":{"background-color":"var(--ast-global-color-4)","background-image":"","background-repeat":"repeat","background-position":"center center","background-size":"auto","background-attachment":"scroll","background-type":"","background-media":"","overlay-type":"","overlay-color":"","overlay-opacity":"","overlay-gradient":""},"tablet":{"background-color":"","background-image":"","background-repeat":"repeat","background-position":"center center","background-size":"auto","background-attachment":"scroll","background-type":"","background-media":"","overlay-type":"","overlay-color":"","overlay-opacity":"","overlay-gradient":""},"mobile":{"background-color":"","background-image":"","background-repeat":"repeat","background-position":"center center","background-size":"auto","background-attachment":"scroll","background-type":"","background-media":"","overlay-type":"","overlay-color":"","overlay-opacity":"","overlay-gradient":""}},"ast-content-background-meta":{"desktop":{"background-color":"var(--ast-global-color-5)","background-image":"","background-repeat":"repeat","background-position":"center center","background-size":"auto","background-attachment":"scroll","background-type":"","background-media":"","overlay-type":"","overlay-color":"","overlay-opacity":"","overlay-gradient":""},"tablet":{"background-color":"var(--ast-global-color-5)","background-image":"","background-repeat":"repeat","background-position":"center center","background-size":"auto","background-attachment":"scroll","background-type":"","background-media":"","overlay-type":"","overlay-color":"","overlay-opacity":"","overlay-gradient":""},"mobile":{"background-color":"var(--ast-global-color-5)","background-image":"","background-repeat":"repeat","background-position":"center center","background-size":"auto","background-attachment":"scroll","background-type":"","background-media":"","overlay-type":"","overlay-color":"","overlay-opacity":"","overlay-gradient":""}},"footnotes":""},"categories":[12,5,1,4],"tags":[71,217],"class_list":["post-7710","post","type-post","status-publish","format-standard","hentry","category-3r-i-4t","category-primaria","category-general","category-portada","tag-cicle-mitja","tag-educacio-primaria"],"post_mailing_queue_ids":[],"_links":{"self":[{"href":"https:\/\/agora.xtec.cat\/escfrancescarenes\/wp-json\/wp\/v2\/posts\/7710","targetHints":{"allow":["GET"]}}],"collection":[{"href":"https:\/\/agora.xtec.cat\/escfrancescarenes\/wp-json\/wp\/v2\/posts"}],"about":[{"href":"https:\/\/agora.xtec.cat\/escfrancescarenes\/wp-json\/wp\/v2\/types\/post"}],"author":[{"embeddable":true,"href":"https:\/\/agora.xtec.cat\/escfrancescarenes\/wp-json\/wp\/v2\/users\/31"}],"replies":[{"embeddable":true,"href":"https:\/\/agora.xtec.cat\/escfrancescarenes\/wp-json\/wp\/v2\/comments?post=7710"}],"version-history":[{"count":5,"href":"https:\/\/agora.xtec.cat\/escfrancescarenes\/wp-json\/wp\/v2\/posts\/7710\/revisions"}],"predecessor-version":[{"id":7716,"href":"https:\/\/agora.xtec.cat\/escfrancescarenes\/wp-json\/wp\/v2\/posts\/7710\/revisions\/7716"}],"wp:attachment":[{"href":"https:\/\/agora.xtec.cat\/escfrancescarenes\/wp-json\/wp\/v2\/media?parent=7710"}],"wp:term":[{"taxonomy":"category","embeddable":true,"href":"https:\/\/agora.xtec.cat\/escfrancescarenes\/wp-json\/wp\/v2\/categories?post=7710"},{"taxonomy":"post_tag","embeddable":true,"href":"https:\/\/agora.xtec.cat\/escfrancescarenes\/wp-json\/wp\/v2\/tags?post=7710"}],"curies":[{"name":"wp","href":"https:\/\/api.w.org\/{rel}","templated":true}]}}