{"id":7689,"date":"2024-03-05T18:14:15","date_gmt":"2024-03-05T17:14:15","guid":{"rendered":"https:\/\/agora.xtec.cat\/escfrancescarenes\/?p=7689"},"modified":"2024-03-05T18:14:15","modified_gmt":"2024-03-05T17:14:15","slug":"lhort-deducacio-infantil","status":"publish","type":"post","link":"https:\/\/agora.xtec.cat\/escfrancescarenes\/general\/lhort-deducacio-infantil\/","title":{"rendered":"L&#8217;hort d&#8217;educaci\u00f3 infantil"},"content":{"rendered":"<p>Aquest segon trimestre hem estat cuidant molt l&#8217;hort.<\/p>\n<p>Primer, l&#8217;alumnat de i5 va anar a comprar el planter i, despr\u00e9s, amb grups heterogenis d&#8217;alumnes de i3, i4 i i5, hem anat a plantar i a regar. A m\u00e9s a m\u00e9s, tamb\u00e9 hem fet uns cartells amb el nom de tot el que hem plantat: br\u00f2quil, coliflor, enciam, cebes i bledes. Ara ja comen\u00e7a a fer goig! Cliqueu la imatge i ja veureu que treballadors\/es:<\/p>\n<p><a href=\"https:\/\/photos.app.goo.gl\/CESrTJ6Qjj6KjF266\" target=\"_blank\" rel=\"noopener\"><img loading=\"lazy\" decoding=\"async\" class=\"aligncenter wp-image-7690 size-medium\" src=\"https:\/\/agora.xtec.cat\/escfrancescarenes\/wp-content\/uploads\/usu674\/2024\/03\/portada-hort-300x225.jpg\" alt=\"\" width=\"300\" height=\"225\" srcset=\"https:\/\/agora.xtec.cat\/escfrancescarenes\/wp-content\/uploads\/usu674\/2024\/03\/portada-hort-300x225.jpg 300w, https:\/\/agora.xtec.cat\/escfrancescarenes\/wp-content\/uploads\/usu674\/2024\/03\/portada-hort-768x576.jpg 768w, https:\/\/agora.xtec.cat\/escfrancescarenes\/wp-content\/uploads\/usu674\/2024\/03\/portada-hort-200x150.jpg 200w, https:\/\/agora.xtec.cat\/escfrancescarenes\/wp-content\/uploads\/usu674\/2024\/03\/portada-hort.jpg 1024w\" sizes=\"auto, (max-width: 300px) 100vw, 300px\" \/><\/a><\/p>\n","protected":false},"excerpt":{"rendered":"<p>Aquest segon trimestre hem estat cuidant molt l&#8217;hort. Primer, l&#8217;alumnat de i5 va anar a comprar el planter i, despr\u00e9s, amb grups heterogenis d&#8217;alumnes de i3, i4 i i5, hem anat a plantar i a regar. A m\u00e9s a m\u00e9s, tamb\u00e9 hem fet uns cartells amb el nom de tot el que hem plantat: br\u00f2quil, [&hellip;]<\/p>\n","protected":false},"author":12,"featured_media":0,"comment_status":"closed","ping_status":"closed","sticky":false,"template":"","format":"standard","meta":{"_bbp_topic_count":0,"_bbp_reply_count":0,"_bbp_total_topic_count":0,"_bbp_total_reply_count":0,"_bbp_voice_count":0,"_bbp_anonymous_reply_count":0,"_bbp_topic_count_hidden":0,"_bbp_reply_count_hidden":0,"_bbp_forum_subforum_count":0,"site-sidebar-layout":"default","site-content-layout":"","ast-site-content-layout":"","site-content-style":"default","site-sidebar-style":"default","ast-global-header-display":"","ast-banner-title-visibility":"","ast-main-header-display":"","ast-hfb-above-header-display":"","ast-hfb-below-header-display":"","ast-hfb-mobile-header-display":"","site-post-title":"","ast-breadcrumbs-content":"","ast-featured-img":"","footer-sml-layout":"","theme-transparent-header-meta":"","adv-header-id-meta":"","stick-header-meta":"","header-above-stick-meta":"","header-main-stick-meta":"","header-below-stick-meta":"","astra-migrate-meta-layouts":"default","ast-page-background-enabled":"default","ast-page-background-meta":{"desktop":{"background-color":"var(--ast-global-color-4)","background-image":"","background-repeat":"repeat","background-position":"center center","background-size":"auto","background-attachment":"scroll","background-type":"","background-media":"","overlay-type":"","overlay-color":"","overlay-opacity":"","overlay-gradient":""},"tablet":{"background-color":"","background-image":"","background-repeat":"repeat","background-position":"center center","background-size":"auto","background-attachment":"scroll","background-type":"","background-media":"","overlay-type":"","overlay-color":"","overlay-opacity":"","overlay-gradient":""},"mobile":{"background-color":"","background-image":"","background-repeat":"repeat","background-position":"center center","background-size":"auto","background-attachment":"scroll","background-type":"","background-media":"","overlay-type":"","overlay-color":"","overlay-opacity":"","overlay-gradient":""}},"ast-content-background-meta":{"desktop":{"background-color":"var(--ast-global-color-5)","background-image":"","background-repeat":"repeat","background-position":"center center","background-size":"auto","background-attachment":"scroll","background-type":"","background-media":"","overlay-type":"","overlay-color":"","overlay-opacity":"","overlay-gradient":""},"tablet":{"background-color":"var(--ast-global-color-5)","background-image":"","background-repeat":"repeat","background-position":"center center","background-size":"auto","background-attachment":"scroll","background-type":"","background-media":"","overlay-type":"","overlay-color":"","overlay-opacity":"","overlay-gradient":""},"mobile":{"background-color":"var(--ast-global-color-5)","background-image":"","background-repeat":"repeat","background-position":"center center","background-size":"auto","background-attachment":"scroll","background-type":"","background-media":"","overlay-type":"","overlay-color":"","overlay-opacity":"","overlay-gradient":""}},"footnotes":""},"categories":[2,1,4],"tags":[258],"class_list":["post-7689","post","type-post","status-publish","format-standard","hentry","category-infantil","category-general","category-portada","tag-hort"],"post_mailing_queue_ids":[],"_links":{"self":[{"href":"https:\/\/agora.xtec.cat\/escfrancescarenes\/wp-json\/wp\/v2\/posts\/7689","targetHints":{"allow":["GET"]}}],"collection":[{"href":"https:\/\/agora.xtec.cat\/escfrancescarenes\/wp-json\/wp\/v2\/posts"}],"about":[{"href":"https:\/\/agora.xtec.cat\/escfrancescarenes\/wp-json\/wp\/v2\/types\/post"}],"author":[{"embeddable":true,"href":"https:\/\/agora.xtec.cat\/escfrancescarenes\/wp-json\/wp\/v2\/users\/12"}],"replies":[{"embeddable":true,"href":"https:\/\/agora.xtec.cat\/escfrancescarenes\/wp-json\/wp\/v2\/comments?post=7689"}],"version-history":[{"count":2,"href":"https:\/\/agora.xtec.cat\/escfrancescarenes\/wp-json\/wp\/v2\/posts\/7689\/revisions"}],"predecessor-version":[{"id":7692,"href":"https:\/\/agora.xtec.cat\/escfrancescarenes\/wp-json\/wp\/v2\/posts\/7689\/revisions\/7692"}],"wp:attachment":[{"href":"https:\/\/agora.xtec.cat\/escfrancescarenes\/wp-json\/wp\/v2\/media?parent=7689"}],"wp:term":[{"taxonomy":"category","embeddable":true,"href":"https:\/\/agora.xtec.cat\/escfrancescarenes\/wp-json\/wp\/v2\/categories?post=7689"},{"taxonomy":"post_tag","embeddable":true,"href":"https:\/\/agora.xtec.cat\/escfrancescarenes\/wp-json\/wp\/v2\/tags?post=7689"}],"curies":[{"name":"wp","href":"https:\/\/api.w.org\/{rel}","templated":true}]}}