{"id":6982,"date":"2023-05-15T13:41:01","date_gmt":"2023-05-15T11:41:01","guid":{"rendered":"https:\/\/agora.xtec.cat\/escfrancescarenes\/?p=6982"},"modified":"2023-05-15T13:42:36","modified_gmt":"2023-05-15T11:42:36","slug":"premis-literaris-xe-aniversari-ateneu-golmesenc","status":"publish","type":"post","link":"https:\/\/agora.xtec.cat\/escfrancescarenes\/general\/premis-literaris-xe-aniversari-ateneu-golmesenc\/","title":{"rendered":"Premis literaris X\u00e8 Aniversari Ateneu Golmesenc"},"content":{"rendered":"<p>El passat mes d&#8217;abril, des de l&#8217;escola, v\u00e0rem participar al concurs literari convocat per l&#8217;Ateneu Golmesenc per celebrar el seu des\u00e8 aniversari. El tema del concurs era la cultura i el poble. Es van establir 4 categories en les quals cada una participava des d&#8217;una modalitat diferent: paraules il\u00b7lustrades, rodolins, poemes i microrelats.<\/p>\n<p>Aquest dissabte, 13 de maig va tenir lloc a la sala Doctor Baiget, l&#8217;acte de celebraci\u00f3 i el lliurament de premis, amb totes les obres presentades exposades. Us deixem els guanyadors i guanyadores per categories:<\/p>\n<ul>\n<li style=\"list-style-type: none;\">\n<ul>\n<li>Categoria paraules il\u00b7lustrades (I3, I4 i I5): Primer premi per a la J\u00falia Romeu Minguell i acc\u00e8ssit per a la Nadia Capilla Topor, totes dues d&#8217;I5.<\/li>\n<li>Categoria rodolins (1r i 2n): Primer premi per a la L\u00eddia Bu\u00f1ales S\u00e1nchez de 2n i acc\u00e8ssit per a l&#8217;Arkaitz Rubio L\u00f3pez de 1r curs.<\/li>\n<li>Categoria poemes (3r i 4t): Primer premi per al Guerau Romeu Bota i acc\u00e8ssit per a la Laura Capilla Topor, tots dos alumnes de 4t.<\/li>\n<li>Categoria microrelats (5\u00e8 i 6\u00e8): Primer premi per al Gerard Sainz de la Maza Cots i acc\u00e8ssit per a la Tha\u00efs Melgosa Bernad\u00ed, alumnes de 6\u00e8.<\/li>\n<\/ul>\n<\/li>\n<\/ul>\n<p>Enhorabona a tots i totes! Clicant sobre la imatge podreu veure algunes fotografies de l&#8217;acte.<br \/>\n<a href=\"https:\/\/photos.app.goo.gl\/2DiivzdttVGDZ84n7\" target=\"_blank\" rel=\"noopener\"><img loading=\"lazy\" decoding=\"async\" class=\"alignleft wp-image-6986\" src=\"https:\/\/agora.xtec.cat\/escfrancescarenes\/wp-content\/uploads\/usu674\/2023\/05\/ateneu-10-anys-e1684150800876.jpg\" alt=\"\" width=\"217\" height=\"151\" \/><\/a><\/p>\n","protected":false},"excerpt":{"rendered":"<p>El passat mes d&#8217;abril, des de l&#8217;escola, v\u00e0rem participar al concurs literari convocat per l&#8217;Ateneu Golmesenc per celebrar el seu des\u00e8 aniversari. El tema del concurs era la cultura i el poble. Es van establir 4 categories en les quals cada una participava des d&#8217;una modalitat diferent: paraules il\u00b7lustrades, rodolins, poemes i microrelats. Aquest dissabte, [&hellip;]<\/p>\n","protected":false},"author":1,"featured_media":0,"comment_status":"open","ping_status":"closed","sticky":false,"template":"","format":"standard","meta":{"_bbp_topic_count":0,"_bbp_reply_count":0,"_bbp_total_topic_count":0,"_bbp_total_reply_count":0,"_bbp_voice_count":0,"_bbp_anonymous_reply_count":0,"_bbp_topic_count_hidden":0,"_bbp_reply_count_hidden":0,"_bbp_forum_subforum_count":0,"site-sidebar-layout":"default","site-content-layout":"","ast-site-content-layout":"","site-content-style":"default","site-sidebar-style":"default","ast-global-header-display":"","ast-banner-title-visibility":"","ast-main-header-display":"","ast-hfb-above-header-display":"","ast-hfb-below-header-display":"","ast-hfb-mobile-header-display":"","site-post-title":"","ast-breadcrumbs-content":"","ast-featured-img":"","footer-sml-layout":"","theme-transparent-header-meta":"","adv-header-id-meta":"","stick-header-meta":"","header-above-stick-meta":"","header-main-stick-meta":"","header-below-stick-meta":"","astra-migrate-meta-layouts":"default","ast-page-background-enabled":"default","ast-page-background-meta":{"desktop":{"background-color":"var(--ast-global-color-4)","background-image":"","background-repeat":"repeat","background-position":"center center","background-size":"auto","background-attachment":"scroll","background-type":"","background-media":"","overlay-type":"","overlay-color":"","overlay-opacity":"","overlay-gradient":""},"tablet":{"background-color":"","background-image":"","background-repeat":"repeat","background-position":"center center","background-size":"auto","background-attachment":"scroll","background-type":"","background-media":"","overlay-type":"","overlay-color":"","overlay-opacity":"","overlay-gradient":""},"mobile":{"background-color":"","background-image":"","background-repeat":"repeat","background-position":"center center","background-size":"auto","background-attachment":"scroll","background-type":"","background-media":"","overlay-type":"","overlay-color":"","overlay-opacity":"","overlay-gradient":""}},"ast-content-background-meta":{"desktop":{"background-color":"var(--ast-global-color-5)","background-image":"","background-repeat":"repeat","background-position":"center center","background-size":"auto","background-attachment":"scroll","background-type":"","background-media":"","overlay-type":"","overlay-color":"","overlay-opacity":"","overlay-gradient":""},"tablet":{"background-color":"var(--ast-global-color-5)","background-image":"","background-repeat":"repeat","background-position":"center center","background-size":"auto","background-attachment":"scroll","background-type":"","background-media":"","overlay-type":"","overlay-color":"","overlay-opacity":"","overlay-gradient":""},"mobile":{"background-color":"var(--ast-global-color-5)","background-image":"","background-repeat":"repeat","background-position":"center center","background-size":"auto","background-attachment":"scroll","background-type":"","background-media":"","overlay-type":"","overlay-color":"","overlay-opacity":"","overlay-gradient":""}},"footnotes":""},"categories":[62,10,12,15,2,1,4],"tags":[177,430,64,428,429],"class_list":["post-6982","post","type-post","status-publish","format-standard","hentry","category-altres-activitats","category-1r-i-2n","category-3r-i-4t","category-5e-i-6e","category-infantil","category-general","category-portada","tag-cultura","tag-paraules-il-lustrades","tag-poemes","tag-relats","tag-rodolins"],"post_mailing_queue_ids":[],"_links":{"self":[{"href":"https:\/\/agora.xtec.cat\/escfrancescarenes\/wp-json\/wp\/v2\/posts\/6982","targetHints":{"allow":["GET"]}}],"collection":[{"href":"https:\/\/agora.xtec.cat\/escfrancescarenes\/wp-json\/wp\/v2\/posts"}],"about":[{"href":"https:\/\/agora.xtec.cat\/escfrancescarenes\/wp-json\/wp\/v2\/types\/post"}],"author":[{"embeddable":true,"href":"https:\/\/agora.xtec.cat\/escfrancescarenes\/wp-json\/wp\/v2\/users\/1"}],"replies":[{"embeddable":true,"href":"https:\/\/agora.xtec.cat\/escfrancescarenes\/wp-json\/wp\/v2\/comments?post=6982"}],"version-history":[{"count":4,"href":"https:\/\/agora.xtec.cat\/escfrancescarenes\/wp-json\/wp\/v2\/posts\/6982\/revisions"}],"predecessor-version":[{"id":6990,"href":"https:\/\/agora.xtec.cat\/escfrancescarenes\/wp-json\/wp\/v2\/posts\/6982\/revisions\/6990"}],"wp:attachment":[{"href":"https:\/\/agora.xtec.cat\/escfrancescarenes\/wp-json\/wp\/v2\/media?parent=6982"}],"wp:term":[{"taxonomy":"category","embeddable":true,"href":"https:\/\/agora.xtec.cat\/escfrancescarenes\/wp-json\/wp\/v2\/categories?post=6982"},{"taxonomy":"post_tag","embeddable":true,"href":"https:\/\/agora.xtec.cat\/escfrancescarenes\/wp-json\/wp\/v2\/tags?post=6982"}],"curies":[{"name":"wp","href":"https:\/\/api.w.org\/{rel}","templated":true}]}}