{"id":6593,"date":"2023-03-08T16:05:56","date_gmt":"2023-03-08T15:05:56","guid":{"rendered":"https:\/\/agora.xtec.cat\/escfrancescarenes\/?p=6593"},"modified":"2023-03-08T16:21:14","modified_gmt":"2023-03-08T15:21:14","slug":"lexpressio-oral-a-4t","status":"publish","type":"post","link":"https:\/\/agora.xtec.cat\/escfrancescarenes\/general\/lexpressio-oral-a-4t\/","title":{"rendered":"L&#8217;expressi\u00f3 oral a 4t"},"content":{"rendered":"<p><span style=\"color: #111111;\"><span style=\"font-family: Arial, sans-serif;\"><span style=\"font-size: medium;\"><span lang=\"es-ES\">Al llarg d\u2019aquest trimestre l\u2019alumnat de 4t ha estat treballant l\u2019expressi\u00f3 oral en diferents formats. L&#8217;objectiu ha estat potenciar el llenguatge oral com a instrument essencial de la comunicaci\u00f3,<\/span> <span lang=\"es-ES\">tant per intercanviar informaci\u00f3 b\u00e0sica com per expressar pensaments, sentiments i emocions, exposar, conversar, argumentar, debatre o b\u00e9 dialogar.<\/span><\/span><\/span><\/span><\/p>\n<p lang=\"es-ES\" align=\"justify\"><span style=\"color: #111111;\"><span style=\"font-family: Arial, sans-serif;\"><span style=\"font-size: medium;\">Aquest treball oral realitzat ha buscat fomentar el domini de les habilitats comunicatives orals: flu\u00efdesa, pronunciaci\u00f3 i adequaci\u00f3 al registre a trav\u00e9s d\u2019un discurs pr\u00e8viament estructurat i pensat de forma individual, grupal o en equips.<\/span><\/span><\/span><\/p>\n<p align=\"justify\"><span style=\"color: #111111;\"><span style=\"font-family: Arial, sans-serif;\"><span style=\"font-size: medium;\">Els nens i nenes han gaudit preparant les seves intervencions i sobretot, en el moment d&#8217;expressar-les oralment davant de la resta de companys i companyes de classe. <\/span><\/span><\/span><span style=\"color: #111111;\"><span style=\"font-family: Arial, sans-serif;\"><span style=\"font-size: medium;\">Mireu les imatges fent clic a la fotografia que teniu a continuaci\u00f3:<br \/>\n<\/span><\/span><\/span><\/p>\n<p align=\"justify\"><a id=\"set-post-thumbnail\" class=\"thickbox\" href=\"https:\/\/photos.app.goo.gl\/pqzUaTsjbqkKWQjFA\" target=\"_blank\" rel=\"https:\/\/photos.app.goo.gl\/pqzUaTsjbqkKWQjFA noopener\" aria-describedby=\"set-post-thumbnail-desc\"><img loading=\"lazy\" decoding=\"async\" class=\"attachment-266x266 aligncenter\" src=\"https:\/\/agora.xtec.cat\/escfrancescarenes\/wp-content\/uploads\/usu674\/2023\/03\/IMG_9242.jpg\" sizes=\"auto, (max-width: 266px) 100vw, 266px\" srcset=\"https:\/\/agora.xtec.cat\/escfrancescarenes\/wp-content\/uploads\/usu674\/2023\/03\/IMG_9242.jpg 1191w, https:\/\/agora.xtec.cat\/escfrancescarenes\/wp-content\/uploads\/usu674\/2023\/03\/IMG_9242-300x225.jpg 300w, https:\/\/agora.xtec.cat\/escfrancescarenes\/wp-content\/uploads\/usu674\/2023\/03\/IMG_9242-1024x768.jpg 1024w, https:\/\/agora.xtec.cat\/escfrancescarenes\/wp-content\/uploads\/usu674\/2023\/03\/IMG_9242-768x576.jpg 768w, https:\/\/agora.xtec.cat\/escfrancescarenes\/wp-content\/uploads\/usu674\/2023\/03\/IMG_9242-200x150.jpg 200w\" alt=\"\" width=\"336\" height=\"253\" \/><\/a><\/p>\n<p class=\"hide-if-no-js\">\n","protected":false},"excerpt":{"rendered":"<p>Al llarg d\u2019aquest trimestre l\u2019alumnat de 4t ha estat treballant l\u2019expressi\u00f3 oral en diferents formats. L&#8217;objectiu ha estat potenciar el llenguatge oral com a instrument essencial de la comunicaci\u00f3, tant per intercanviar informaci\u00f3 b\u00e0sica com per expressar pensaments, sentiments i emocions, exposar, conversar, argumentar, debatre o b\u00e9 dialogar. Aquest treball oral realitzat ha buscat fomentar [&hellip;]<\/p>\n","protected":false},"author":31,"featured_media":6601,"comment_status":"open","ping_status":"closed","sticky":false,"template":"","format":"standard","meta":{"_bbp_topic_count":0,"_bbp_reply_count":0,"_bbp_total_topic_count":0,"_bbp_total_reply_count":0,"_bbp_voice_count":0,"_bbp_anonymous_reply_count":0,"_bbp_topic_count_hidden":0,"_bbp_reply_count_hidden":0,"_bbp_forum_subforum_count":0,"site-sidebar-layout":"default","site-content-layout":"","ast-site-content-layout":"","site-content-style":"default","site-sidebar-style":"default","ast-global-header-display":"","ast-banner-title-visibility":"","ast-main-header-display":"","ast-hfb-above-header-display":"","ast-hfb-below-header-display":"","ast-hfb-mobile-header-display":"","site-post-title":"","ast-breadcrumbs-content":"","ast-featured-img":"","footer-sml-layout":"","theme-transparent-header-meta":"","adv-header-id-meta":"","stick-header-meta":"","header-above-stick-meta":"","header-main-stick-meta":"","header-below-stick-meta":"","astra-migrate-meta-layouts":"default","ast-page-background-enabled":"default","ast-page-background-meta":{"desktop":{"background-color":"var(--ast-global-color-4)","background-image":"","background-repeat":"repeat","background-position":"center center","background-size":"auto","background-attachment":"scroll","background-type":"","background-media":"","overlay-type":"","overlay-color":"","overlay-opacity":"","overlay-gradient":""},"tablet":{"background-color":"","background-image":"","background-repeat":"repeat","background-position":"center center","background-size":"auto","background-attachment":"scroll","background-type":"","background-media":"","overlay-type":"","overlay-color":"","overlay-opacity":"","overlay-gradient":""},"mobile":{"background-color":"","background-image":"","background-repeat":"repeat","background-position":"center center","background-size":"auto","background-attachment":"scroll","background-type":"","background-media":"","overlay-type":"","overlay-color":"","overlay-opacity":"","overlay-gradient":""}},"ast-content-background-meta":{"desktop":{"background-color":"var(--ast-global-color-5)","background-image":"","background-repeat":"repeat","background-position":"center center","background-size":"auto","background-attachment":"scroll","background-type":"","background-media":"","overlay-type":"","overlay-color":"","overlay-opacity":"","overlay-gradient":""},"tablet":{"background-color":"var(--ast-global-color-5)","background-image":"","background-repeat":"repeat","background-position":"center center","background-size":"auto","background-attachment":"scroll","background-type":"","background-media":"","overlay-type":"","overlay-color":"","overlay-opacity":"","overlay-gradient":""},"mobile":{"background-color":"var(--ast-global-color-5)","background-image":"","background-repeat":"repeat","background-position":"center center","background-size":"auto","background-attachment":"scroll","background-type":"","background-media":"","overlay-type":"","overlay-color":"","overlay-opacity":"","overlay-gradient":""}},"footnotes":""},"categories":[1,4],"tags":[71,217],"class_list":["post-6593","post","type-post","status-publish","format-standard","has-post-thumbnail","hentry","category-general","category-portada","tag-cicle-mitja","tag-educacio-primaria"],"post_mailing_queue_ids":[],"_links":{"self":[{"href":"https:\/\/agora.xtec.cat\/escfrancescarenes\/wp-json\/wp\/v2\/posts\/6593","targetHints":{"allow":["GET"]}}],"collection":[{"href":"https:\/\/agora.xtec.cat\/escfrancescarenes\/wp-json\/wp\/v2\/posts"}],"about":[{"href":"https:\/\/agora.xtec.cat\/escfrancescarenes\/wp-json\/wp\/v2\/types\/post"}],"author":[{"embeddable":true,"href":"https:\/\/agora.xtec.cat\/escfrancescarenes\/wp-json\/wp\/v2\/users\/31"}],"replies":[{"embeddable":true,"href":"https:\/\/agora.xtec.cat\/escfrancescarenes\/wp-json\/wp\/v2\/comments?post=6593"}],"version-history":[{"count":3,"href":"https:\/\/agora.xtec.cat\/escfrancescarenes\/wp-json\/wp\/v2\/posts\/6593\/revisions"}],"predecessor-version":[{"id":6610,"href":"https:\/\/agora.xtec.cat\/escfrancescarenes\/wp-json\/wp\/v2\/posts\/6593\/revisions\/6610"}],"wp:featuredmedia":[{"embeddable":true,"href":"https:\/\/agora.xtec.cat\/escfrancescarenes\/wp-json\/wp\/v2\/media\/6601"}],"wp:attachment":[{"href":"https:\/\/agora.xtec.cat\/escfrancescarenes\/wp-json\/wp\/v2\/media?parent=6593"}],"wp:term":[{"taxonomy":"category","embeddable":true,"href":"https:\/\/agora.xtec.cat\/escfrancescarenes\/wp-json\/wp\/v2\/categories?post=6593"},{"taxonomy":"post_tag","embeddable":true,"href":"https:\/\/agora.xtec.cat\/escfrancescarenes\/wp-json\/wp\/v2\/tags?post=6593"}],"curies":[{"name":"wp","href":"https:\/\/api.w.org\/{rel}","templated":true}]}}