{"id":6229,"date":"2022-12-07T16:16:24","date_gmt":"2022-12-07T15:16:24","guid":{"rendered":"https:\/\/agora.xtec.cat\/escfrancescarenes\/?p=6229"},"modified":"2022-12-07T16:22:46","modified_gmt":"2022-12-07T15:22:46","slug":"el-ple-de-lajuntament-dels-alumnes-de-3r","status":"publish","type":"post","link":"https:\/\/agora.xtec.cat\/escfrancescarenes\/general\/el-ple-de-lajuntament-dels-alumnes-de-3r\/","title":{"rendered":"El Ple de l&#8217;Ajuntament dels alumnes de 3r"},"content":{"rendered":"<p>Avui dia 7 de desembre de 2022, hem fet el Ple de l&#8217;Ajuntament.<\/p>\n<p><a href=\"https:\/\/agora.xtec.cat\/escfrancescarenes\/wp-content\/uploads\/usu674\/2022\/12\/PLE-MUNICIPAL.jpg\"><img loading=\"lazy\" decoding=\"async\" class=\"alignnone size-large wp-image-6230\" src=\"https:\/\/agora.xtec.cat\/escfrancescarenes\/wp-content\/uploads\/usu674\/2022\/12\/PLE-MUNICIPAL-1024x435.jpg\" alt=\"\" width=\"1024\" height=\"435\" srcset=\"https:\/\/agora.xtec.cat\/escfrancescarenes\/wp-content\/uploads\/usu674\/2022\/12\/PLE-MUNICIPAL-1024x435.jpg 1024w, https:\/\/agora.xtec.cat\/escfrancescarenes\/wp-content\/uploads\/usu674\/2022\/12\/PLE-MUNICIPAL-300x128.jpg 300w, https:\/\/agora.xtec.cat\/escfrancescarenes\/wp-content\/uploads\/usu674\/2022\/12\/PLE-MUNICIPAL-768x327.jpg 768w, https:\/\/agora.xtec.cat\/escfrancescarenes\/wp-content\/uploads\/usu674\/2022\/12\/PLE-MUNICIPAL.jpg 1209w\" sizes=\"auto, (max-width: 1024px) 100vw, 1024px\" \/>A<\/a>bans, ens v\u00e0rem organitzar per grups i vam completar les nostres tasques del poble. Aquestes tasques tractaven sobre els nostres drets i deures, de les activitats culturals, com ara la Festa Major, dels serveis tan municipals com serveis externs (la sanitat, l&#8217;educaci\u00f3, la protecci\u00f3<span class=\"hiddenGrammarError\" style=\"padding-bottom: 2px; background-image: url('..\/..\/..\/..\/..\/images\/squiggle.png'); background-repeat: repeat-x; background-position: left bottom; cursor: default; color: #000000; font-family: 'Open Sans', Helvetica, Arial, sans-serif; font-size: 16px; font-style: normal; font-variant-ligatures: normal; font-variant-caps: normal; font-weight: 300; letter-spacing: normal; orphans: 2; text-align: start; text-indent: 0px; text-transform: none; white-space: normal; widows: 2; word-spacing: 0px; -webkit-text-stroke-width: 0px; text-decoration-thickness: initial; text-decoration-style: initial; text-decoration-color: initial;\">, &#8230;<\/span>). A m\u00e9s a m\u00e9s, hem conegut les caracter\u00edstiques del poble, els habitants, el seu creixement i els sectors de treball als quals es dediquen (primari, secundari i terciari). I el m\u00e9s important de tot, hem fet que aquest\u00a0<span class=\"hiddenGrammarError\" style=\"padding-bottom: 2px; background-image: url('..\/..\/..\/..\/..\/images\/squiggle.png'); background-repeat: repeat-x; background-position: left bottom; cursor: default; color: #000000; font-family: 'Open Sans', Helvetica, Arial, sans-serif; font-size: 16px; font-style: normal; font-variant-ligatures: normal; font-variant-caps: normal; font-weight: 300; letter-spacing: normal; orphans: 2; text-align: start; text-indent: 0px; text-transform: none; white-space: normal; widows: 2; word-spacing: 0px; -webkit-text-stroke-width: 0px; text-decoration-thickness: initial; text-decoration-style: initial; text-decoration-color: initial;\">poble creixes<\/span>\u00a0amb un total de 230 habitants, amb una densitat de poblaci\u00f3 de\u00a0<span class=\"hiddenGrammarError\">2,3hab<\/span>\/<span class=\"hiddenSpellError\">Km2<\/span>.<\/p>\n<p>Tamb\u00e9, hem treballat\u00a0els senyals\u00a0de circulaci\u00f3 a trav\u00e9s d&#8217;un joc i va ser molt divertit.<\/p>\n<p>Us deixem un conjunt de<a href=\"https:\/\/photos.app.goo.gl\/jDQLTmbEZ6b2n4vQ8\"> fotos<\/a> per a qu\u00e8 vegeu el nostre treball.<\/p>\n<p>&nbsp;<\/p>\n<p>&nbsp;<\/p>\n","protected":false},"excerpt":{"rendered":"<p>Avui dia 7 de desembre de 2022, hem fet el Ple de l&#8217;Ajuntament. Abans, ens v\u00e0rem organitzar per grups i vam completar les nostres tasques del poble. Aquestes tasques tractaven sobre els nostres drets i deures, de les activitats culturals, com ara la Festa Major, dels serveis tan municipals com serveis externs (la sanitat, l&#8217;educaci\u00f3, [&hellip;]<\/p>\n","protected":false},"author":1,"featured_media":6231,"comment_status":"open","ping_status":"closed","sticky":false,"template":"","format":"standard","meta":{"_bbp_topic_count":0,"_bbp_reply_count":0,"_bbp_total_topic_count":0,"_bbp_total_reply_count":0,"_bbp_voice_count":0,"_bbp_anonymous_reply_count":0,"_bbp_topic_count_hidden":0,"_bbp_reply_count_hidden":0,"_bbp_forum_subforum_count":0,"site-sidebar-layout":"default","site-content-layout":"","ast-site-content-layout":"","site-content-style":"default","site-sidebar-style":"default","ast-global-header-display":"","ast-banner-title-visibility":"","ast-main-header-display":"","ast-hfb-above-header-display":"","ast-hfb-below-header-display":"","ast-hfb-mobile-header-display":"","site-post-title":"","ast-breadcrumbs-content":"","ast-featured-img":"","footer-sml-layout":"","theme-transparent-header-meta":"","adv-header-id-meta":"","stick-header-meta":"","header-above-stick-meta":"","header-main-stick-meta":"","header-below-stick-meta":"","astra-migrate-meta-layouts":"default","ast-page-background-enabled":"default","ast-page-background-meta":{"desktop":{"background-color":"var(--ast-global-color-4)","background-image":"","background-repeat":"repeat","background-position":"center center","background-size":"auto","background-attachment":"scroll","background-type":"","background-media":"","overlay-type":"","overlay-color":"","overlay-opacity":"","overlay-gradient":""},"tablet":{"background-color":"","background-image":"","background-repeat":"repeat","background-position":"center center","background-size":"auto","background-attachment":"scroll","background-type":"","background-media":"","overlay-type":"","overlay-color":"","overlay-opacity":"","overlay-gradient":""},"mobile":{"background-color":"","background-image":"","background-repeat":"repeat","background-position":"center center","background-size":"auto","background-attachment":"scroll","background-type":"","background-media":"","overlay-type":"","overlay-color":"","overlay-opacity":"","overlay-gradient":""}},"ast-content-background-meta":{"desktop":{"background-color":"var(--ast-global-color-5)","background-image":"","background-repeat":"repeat","background-position":"center center","background-size":"auto","background-attachment":"scroll","background-type":"","background-media":"","overlay-type":"","overlay-color":"","overlay-opacity":"","overlay-gradient":""},"tablet":{"background-color":"var(--ast-global-color-5)","background-image":"","background-repeat":"repeat","background-position":"center center","background-size":"auto","background-attachment":"scroll","background-type":"","background-media":"","overlay-type":"","overlay-color":"","overlay-opacity":"","overlay-gradient":""},"mobile":{"background-color":"var(--ast-global-color-5)","background-image":"","background-repeat":"repeat","background-position":"center center","background-size":"auto","background-attachment":"scroll","background-type":"","background-media":"","overlay-type":"","overlay-color":"","overlay-opacity":"","overlay-gradient":""}},"footnotes":""},"categories":[5,1,4],"tags":[],"class_list":["post-6229","post","type-post","status-publish","format-standard","has-post-thumbnail","hentry","category-primaria","category-general","category-portada"],"post_mailing_queue_ids":[],"_links":{"self":[{"href":"https:\/\/agora.xtec.cat\/escfrancescarenes\/wp-json\/wp\/v2\/posts\/6229","targetHints":{"allow":["GET"]}}],"collection":[{"href":"https:\/\/agora.xtec.cat\/escfrancescarenes\/wp-json\/wp\/v2\/posts"}],"about":[{"href":"https:\/\/agora.xtec.cat\/escfrancescarenes\/wp-json\/wp\/v2\/types\/post"}],"author":[{"embeddable":true,"href":"https:\/\/agora.xtec.cat\/escfrancescarenes\/wp-json\/wp\/v2\/users\/1"}],"replies":[{"embeddable":true,"href":"https:\/\/agora.xtec.cat\/escfrancescarenes\/wp-json\/wp\/v2\/comments?post=6229"}],"version-history":[{"count":3,"href":"https:\/\/agora.xtec.cat\/escfrancescarenes\/wp-json\/wp\/v2\/posts\/6229\/revisions"}],"predecessor-version":[{"id":6234,"href":"https:\/\/agora.xtec.cat\/escfrancescarenes\/wp-json\/wp\/v2\/posts\/6229\/revisions\/6234"}],"wp:featuredmedia":[{"embeddable":true,"href":"https:\/\/agora.xtec.cat\/escfrancescarenes\/wp-json\/wp\/v2\/media\/6231"}],"wp:attachment":[{"href":"https:\/\/agora.xtec.cat\/escfrancescarenes\/wp-json\/wp\/v2\/media?parent=6229"}],"wp:term":[{"taxonomy":"category","embeddable":true,"href":"https:\/\/agora.xtec.cat\/escfrancescarenes\/wp-json\/wp\/v2\/categories?post=6229"},{"taxonomy":"post_tag","embeddable":true,"href":"https:\/\/agora.xtec.cat\/escfrancescarenes\/wp-json\/wp\/v2\/tags?post=6229"}],"curies":[{"name":"wp","href":"https:\/\/api.w.org\/{rel}","templated":true}]}}