{"id":6082,"date":"2022-10-28T12:13:03","date_gmt":"2022-10-28T10:13:03","guid":{"rendered":"https:\/\/agora.xtec.cat\/escfrancescarenes\/?p=6082"},"modified":"2022-10-28T12:14:45","modified_gmt":"2022-10-28T10:14:45","slug":"un-halloween-esportiu-a-educacio-fisica","status":"publish","type":"post","link":"https:\/\/agora.xtec.cat\/escfrancescarenes\/general\/un-halloween-esportiu-a-educacio-fisica\/","title":{"rendered":"Un Halloween esportiu a Educaci\u00f3 F\u00edsica."},"content":{"rendered":"<p>Aquesta setmana a les classes d&#8217;Educaci\u00f3 F\u00edsica els alumnes de primer a sis\u00e8 hem celebrat Halloween. Hem vingut tota la setmana vestits amb complements terror\u00edfics de Halloween a les classes d&#8217;Educaci\u00f3 F\u00edsica i hem realitzat activitats esportives diferents, especials i com no, tamb\u00e9 terror\u00edfiques.<\/p>\n<p>Hem muntat un circuit de Halloween amb diferents estacions: encistellar cors a carabasses de Halloween, fer punteria amb caramels a carabasses m\u00e9s petitones, posar cercles grans dins de barrets punxeguts de bruixa, llan\u00e7ament de fletxes a una diana, passar en quadrup\u00e8dia per un tunel ple de teranyines&#8230;<\/p>\n<p>A part del circuit tamb\u00e9 hem fet diferents jocs amb tem\u00e0tica Halloween com el joc dels Zombies, l&#8217;aranya peluda fent de monstres, la Bomba amb una carabassa de Halloween&#8230;etc.<\/p>\n<p>Ho hem passat molt b\u00e9 i hem disfrutat d&#8217;una setmana terror\u00edfica i divertida de Halloween.<\/p>\n<div class=\"ast-oembed-container \" style=\"height: 100%;\"><iframe loading=\"lazy\" title=\"Halloween Escola Francesc Arenes\" width=\"500\" height=\"281\" src=\"https:\/\/www.youtube.com\/embed\/mnCoYeQths4?feature=oembed\" frameborder=\"0\" allow=\"accelerometer; autoplay; clipboard-write; encrypted-media; gyroscope; picture-in-picture; web-share\" referrerpolicy=\"strict-origin-when-cross-origin\" allowfullscreen><\/iframe><\/div>\n","protected":false},"excerpt":{"rendered":"<p>Aquesta setmana a les classes d&#8217;Educaci\u00f3 F\u00edsica els alumnes de primer a sis\u00e8 hem celebrat Halloween. Hem vingut tota la setmana vestits amb complements terror\u00edfics de Halloween a les classes d&#8217;Educaci\u00f3 F\u00edsica i hem realitzat activitats esportives diferents, especials i com no, tamb\u00e9 terror\u00edfiques. Hem muntat un circuit de Halloween amb diferents estacions: encistellar cors [&hellip;]<\/p>\n","protected":false},"author":22,"featured_media":0,"comment_status":"open","ping_status":"closed","sticky":false,"template":"","format":"standard","meta":{"_bbp_topic_count":0,"_bbp_reply_count":0,"_bbp_total_topic_count":0,"_bbp_total_reply_count":0,"_bbp_voice_count":0,"_bbp_anonymous_reply_count":0,"_bbp_topic_count_hidden":0,"_bbp_reply_count_hidden":0,"_bbp_forum_subforum_count":0,"site-sidebar-layout":"default","site-content-layout":"","ast-site-content-layout":"","site-content-style":"default","site-sidebar-style":"default","ast-global-header-display":"","ast-banner-title-visibility":"","ast-main-header-display":"","ast-hfb-above-header-display":"","ast-hfb-below-header-display":"","ast-hfb-mobile-header-display":"","site-post-title":"","ast-breadcrumbs-content":"","ast-featured-img":"","footer-sml-layout":"","theme-transparent-header-meta":"","adv-header-id-meta":"","stick-header-meta":"","header-above-stick-meta":"","header-main-stick-meta":"","header-below-stick-meta":"","astra-migrate-meta-layouts":"default","ast-page-background-enabled":"default","ast-page-background-meta":{"desktop":{"background-color":"var(--ast-global-color-4)","background-image":"","background-repeat":"repeat","background-position":"center center","background-size":"auto","background-attachment":"scroll","background-type":"","background-media":"","overlay-type":"","overlay-color":"","overlay-opacity":"","overlay-gradient":""},"tablet":{"background-color":"","background-image":"","background-repeat":"repeat","background-position":"center center","background-size":"auto","background-attachment":"scroll","background-type":"","background-media":"","overlay-type":"","overlay-color":"","overlay-opacity":"","overlay-gradient":""},"mobile":{"background-color":"","background-image":"","background-repeat":"repeat","background-position":"center center","background-size":"auto","background-attachment":"scroll","background-type":"","background-media":"","overlay-type":"","overlay-color":"","overlay-opacity":"","overlay-gradient":""}},"ast-content-background-meta":{"desktop":{"background-color":"var(--ast-global-color-5)","background-image":"","background-repeat":"repeat","background-position":"center center","background-size":"auto","background-attachment":"scroll","background-type":"","background-media":"","overlay-type":"","overlay-color":"","overlay-opacity":"","overlay-gradient":""},"tablet":{"background-color":"var(--ast-global-color-5)","background-image":"","background-repeat":"repeat","background-position":"center center","background-size":"auto","background-attachment":"scroll","background-type":"","background-media":"","overlay-type":"","overlay-color":"","overlay-opacity":"","overlay-gradient":""},"mobile":{"background-color":"var(--ast-global-color-5)","background-image":"","background-repeat":"repeat","background-position":"center center","background-size":"auto","background-attachment":"scroll","background-type":"","background-media":"","overlay-type":"","overlay-color":"","overlay-opacity":"","overlay-gradient":""}},"footnotes":""},"categories":[10,12,15,5,1,4],"tags":[71,69,210],"class_list":["post-6082","post","type-post","status-publish","format-standard","hentry","category-1r-i-2n","category-3r-i-4t","category-5e-i-6e","category-primaria","category-general","category-portada","tag-cicle-mitja","tag-cicle-superior","tag-educacio-fisica"],"post_mailing_queue_ids":[],"_links":{"self":[{"href":"https:\/\/agora.xtec.cat\/escfrancescarenes\/wp-json\/wp\/v2\/posts\/6082","targetHints":{"allow":["GET"]}}],"collection":[{"href":"https:\/\/agora.xtec.cat\/escfrancescarenes\/wp-json\/wp\/v2\/posts"}],"about":[{"href":"https:\/\/agora.xtec.cat\/escfrancescarenes\/wp-json\/wp\/v2\/types\/post"}],"author":[{"embeddable":true,"href":"https:\/\/agora.xtec.cat\/escfrancescarenes\/wp-json\/wp\/v2\/users\/22"}],"replies":[{"embeddable":true,"href":"https:\/\/agora.xtec.cat\/escfrancescarenes\/wp-json\/wp\/v2\/comments?post=6082"}],"version-history":[{"count":3,"href":"https:\/\/agora.xtec.cat\/escfrancescarenes\/wp-json\/wp\/v2\/posts\/6082\/revisions"}],"predecessor-version":[{"id":6094,"href":"https:\/\/agora.xtec.cat\/escfrancescarenes\/wp-json\/wp\/v2\/posts\/6082\/revisions\/6094"}],"wp:attachment":[{"href":"https:\/\/agora.xtec.cat\/escfrancescarenes\/wp-json\/wp\/v2\/media?parent=6082"}],"wp:term":[{"taxonomy":"category","embeddable":true,"href":"https:\/\/agora.xtec.cat\/escfrancescarenes\/wp-json\/wp\/v2\/categories?post=6082"},{"taxonomy":"post_tag","embeddable":true,"href":"https:\/\/agora.xtec.cat\/escfrancescarenes\/wp-json\/wp\/v2\/tags?post=6082"}],"curies":[{"name":"wp","href":"https:\/\/api.w.org\/{rel}","templated":true}]}}