{"id":5376,"date":"2022-04-05T12:55:14","date_gmt":"2022-04-05T10:55:14","guid":{"rendered":"https:\/\/agora.xtec.cat\/escfrancescarenes\/?p=5376"},"modified":"2022-04-05T12:55:14","modified_gmt":"2022-04-05T10:55:14","slug":"la-pineda-del-salat-cicle-mitja","status":"publish","type":"post","link":"https:\/\/agora.xtec.cat\/escfrancescarenes\/general\/la-pineda-del-salat-cicle-mitja\/","title":{"rendered":"La Pineda del Salat Cicle Mitj\u00e0."},"content":{"rendered":"<p>Avui dilluns dia 4 d&#8217;abril hem comen\u00e7at la setmana verda de la nostra escola. Els alumnes de tercer i quart curs hem anat a la Pineda del Salat d&#8217;excursi\u00f3 tot el dia.<\/p>\n<p>Al mat\u00ed hem marxat amb autocar cap a la Pineda del Salat, en arribar, hem fet una gimcana que havien preparat les senyoretes. La gimcana constava de 4 proves o estacions: una era de jocs amb pilota, l&#8217;altra de papirofl\u00e8xia, l&#8217;altra de jocs de taula i la \u00faltima de jocs amb cordes. Per grups, pass\u00e0vem per totes les estacions, cada vegada que sonava el xiulet de la senyoreta canvi\u00e0vem d&#8217;estaci\u00f3. A la meitat de la gimcana hem fet una petita pausa per esmorzar.<\/p>\n<p>Seguidament, ja de cara al migdia hem fet una mica de joc lliure per la Pineda i despr\u00e9s hem dinat.<\/p>\n<p>En acabar de dinar, hem tornat a gaudir una estona de joc lliure fins que ens ha vingut a buscar l&#8217;autocar\u00a0 i hem tornat a l&#8217;escola. Ha estat un dia molt entretingut i divertit. Hem tingut un principi genial de setmana verda.<\/p>\n<p>Us deixem un recull de fotos.<\/p>\n<p><a href=\"https:\/\/photos.app.goo.gl\/59z6iZVam9Eq9Yuv5\" target=\"_blank\" rel=\"noopener\"><img loading=\"lazy\" decoding=\"async\" class=\"aligncenter wp-image-5378 size-thumbnail\" src=\"https:\/\/agora.xtec.cat\/escfrancescarenes\/wp-content\/uploads\/usu674\/2022\/04\/IMG-20210325-WA0022-300x169-1-150x150.jpg\" alt=\"\" width=\"150\" height=\"150\" \/><\/a><\/p>\n","protected":false},"excerpt":{"rendered":"<p>Avui dilluns dia 4 d&#8217;abril hem comen\u00e7at la setmana verda de la nostra escola. Els alumnes de tercer i quart curs hem anat a la Pineda del Salat d&#8217;excursi\u00f3 tot el dia. Al mat\u00ed hem marxat amb autocar cap a la Pineda del Salat, en arribar, hem fet una gimcana que havien preparat les senyoretes. [&hellip;]<\/p>\n","protected":false},"author":22,"featured_media":0,"comment_status":"open","ping_status":"closed","sticky":false,"template":"","format":"standard","meta":{"_bbp_topic_count":0,"_bbp_reply_count":0,"_bbp_total_topic_count":0,"_bbp_total_reply_count":0,"_bbp_voice_count":0,"_bbp_anonymous_reply_count":0,"_bbp_topic_count_hidden":0,"_bbp_reply_count_hidden":0,"_bbp_forum_subforum_count":0,"site-sidebar-layout":"default","site-content-layout":"","ast-site-content-layout":"","site-content-style":"default","site-sidebar-style":"default","ast-global-header-display":"","ast-banner-title-visibility":"","ast-main-header-display":"","ast-hfb-above-header-display":"","ast-hfb-below-header-display":"","ast-hfb-mobile-header-display":"","site-post-title":"","ast-breadcrumbs-content":"","ast-featured-img":"","footer-sml-layout":"","theme-transparent-header-meta":"","adv-header-id-meta":"","stick-header-meta":"","header-above-stick-meta":"","header-main-stick-meta":"","header-below-stick-meta":"","astra-migrate-meta-layouts":"default","ast-page-background-enabled":"default","ast-page-background-meta":{"desktop":{"background-color":"var(--ast-global-color-4)","background-image":"","background-repeat":"repeat","background-position":"center center","background-size":"auto","background-attachment":"scroll","background-type":"","background-media":"","overlay-type":"","overlay-color":"","overlay-opacity":"","overlay-gradient":""},"tablet":{"background-color":"","background-image":"","background-repeat":"repeat","background-position":"center center","background-size":"auto","background-attachment":"scroll","background-type":"","background-media":"","overlay-type":"","overlay-color":"","overlay-opacity":"","overlay-gradient":""},"mobile":{"background-color":"","background-image":"","background-repeat":"repeat","background-position":"center center","background-size":"auto","background-attachment":"scroll","background-type":"","background-media":"","overlay-type":"","overlay-color":"","overlay-opacity":"","overlay-gradient":""}},"ast-content-background-meta":{"desktop":{"background-color":"var(--ast-global-color-5)","background-image":"","background-repeat":"repeat","background-position":"center center","background-size":"auto","background-attachment":"scroll","background-type":"","background-media":"","overlay-type":"","overlay-color":"","overlay-opacity":"","overlay-gradient":""},"tablet":{"background-color":"var(--ast-global-color-5)","background-image":"","background-repeat":"repeat","background-position":"center center","background-size":"auto","background-attachment":"scroll","background-type":"","background-media":"","overlay-type":"","overlay-color":"","overlay-opacity":"","overlay-gradient":""},"mobile":{"background-color":"var(--ast-global-color-5)","background-image":"","background-repeat":"repeat","background-position":"center center","background-size":"auto","background-attachment":"scroll","background-type":"","background-media":"","overlay-type":"","overlay-color":"","overlay-opacity":"","overlay-gradient":""}},"footnotes":""},"categories":[12,1,4],"tags":[71,139],"class_list":["post-5376","post","type-post","status-publish","format-standard","hentry","category-3r-i-4t","category-general","category-portada","tag-cicle-mitja","tag-setmana-verda"],"post_mailing_queue_ids":[],"_links":{"self":[{"href":"https:\/\/agora.xtec.cat\/escfrancescarenes\/wp-json\/wp\/v2\/posts\/5376","targetHints":{"allow":["GET"]}}],"collection":[{"href":"https:\/\/agora.xtec.cat\/escfrancescarenes\/wp-json\/wp\/v2\/posts"}],"about":[{"href":"https:\/\/agora.xtec.cat\/escfrancescarenes\/wp-json\/wp\/v2\/types\/post"}],"author":[{"embeddable":true,"href":"https:\/\/agora.xtec.cat\/escfrancescarenes\/wp-json\/wp\/v2\/users\/22"}],"replies":[{"embeddable":true,"href":"https:\/\/agora.xtec.cat\/escfrancescarenes\/wp-json\/wp\/v2\/comments?post=5376"}],"version-history":[{"count":2,"href":"https:\/\/agora.xtec.cat\/escfrancescarenes\/wp-json\/wp\/v2\/posts\/5376\/revisions"}],"predecessor-version":[{"id":5379,"href":"https:\/\/agora.xtec.cat\/escfrancescarenes\/wp-json\/wp\/v2\/posts\/5376\/revisions\/5379"}],"wp:attachment":[{"href":"https:\/\/agora.xtec.cat\/escfrancescarenes\/wp-json\/wp\/v2\/media?parent=5376"}],"wp:term":[{"taxonomy":"category","embeddable":true,"href":"https:\/\/agora.xtec.cat\/escfrancescarenes\/wp-json\/wp\/v2\/categories?post=5376"},{"taxonomy":"post_tag","embeddable":true,"href":"https:\/\/agora.xtec.cat\/escfrancescarenes\/wp-json\/wp\/v2\/tags?post=5376"}],"curies":[{"name":"wp","href":"https:\/\/api.w.org\/{rel}","templated":true}]}}