{"id":4839,"date":"2021-05-28T12:24:15","date_gmt":"2021-05-28T10:24:15","guid":{"rendered":"http:\/\/agora.xtec.cat\/escfrancescarenes\/?p=4839"},"modified":"2021-05-28T12:25:09","modified_gmt":"2021-05-28T10:25:09","slug":"sortida-al-castell-de-saidia","status":"publish","type":"post","link":"https:\/\/agora.xtec.cat\/escfrancescarenes\/general\/sortida-al-castell-de-saidia\/","title":{"rendered":"Sortida al Castell de Saidia"},"content":{"rendered":"<p>El dilluns passat els nens i nenes d&#8217;Educaci\u00f3 infantil vam anar d&#8217;excursi\u00f3 a la granja escola\u00a0 Castell de Saidia d&#8217;Almacelles.<\/p>\n<p>Els de P3 al\u00a0 taller de plantes arom\u00e0tiques\u00a0 van fer unes bosses d&#8217;olor\u00a0 \u00a0i els de P4 i P5 es van vestir d&#8217;apicultors i van fer espelmes amb la cera de les abelles.<\/p>\n<p>Tamb\u00e9 vam fer tots un taller de construcci\u00f3 de tipis a l&#8217;exterior\u00a0 i despr\u00e9s vam poder construir el nostre propi tipi.<\/p>\n<p>Vam jugar en un espai molt gran i amb moltes estructures i ens ho\u00a0 van passar d&#8217;all\u00f2 m\u00e9s b\u00e9!<\/p>\n<p>A la tarda, despr\u00e9s de dinar, amb la companyia dels animals que voltaven lliurement al nostre costat, vam pujar al poni i vam anar a veure tots els animals que tenen a la granja.<\/p>\n<p>Ens ho vam passar molt b\u00e9\u00a0 i si voleu veure un recull de fotos podeu clicar a la seg\u00fcent foto.<a href=\"https:\/\/photos.app.goo.gl\/695XC9M3iauaKJ3T7\"><img loading=\"lazy\" decoding=\"async\" class=\"aligncenter wp-image-4840 size-medium\" src=\"https:\/\/agora.xtec.cat\/escfrancescarenes\/wp-content\/uploads\/usu674\/2021\/05\/portada-tipis-1-300x225.jpg\" alt=\"\" width=\"300\" height=\"225\" srcset=\"https:\/\/agora.xtec.cat\/escfrancescarenes\/wp-content\/uploads\/usu674\/2021\/05\/portada-tipis-1-300x225.jpg 300w, https:\/\/agora.xtec.cat\/escfrancescarenes\/wp-content\/uploads\/usu674\/2021\/05\/portada-tipis-1-768x576.jpg 768w, https:\/\/agora.xtec.cat\/escfrancescarenes\/wp-content\/uploads\/usu674\/2021\/05\/portada-tipis-1-200x150.jpg 200w, https:\/\/agora.xtec.cat\/escfrancescarenes\/wp-content\/uploads\/usu674\/2021\/05\/portada-tipis-1.jpg 1000w\" sizes=\"auto, (max-width: 300px) 100vw, 300px\" \/><\/a><\/p>\n","protected":false},"excerpt":{"rendered":"<p>El dilluns passat els nens i nenes d&#8217;Educaci\u00f3 infantil vam anar d&#8217;excursi\u00f3 a la granja escola\u00a0 Castell de Saidia d&#8217;Almacelles. Els de P3 al\u00a0 taller de plantes arom\u00e0tiques\u00a0 van fer unes bosses d&#8217;olor\u00a0 \u00a0i els de P4 i P5 es van vestir d&#8217;apicultors i van fer espelmes amb la cera de les abelles. Tamb\u00e9 vam [&hellip;]<\/p>\n","protected":false},"author":26,"featured_media":0,"comment_status":"closed","ping_status":"closed","sticky":false,"template":"","format":"standard","meta":{"_bbp_topic_count":0,"_bbp_reply_count":0,"_bbp_total_topic_count":0,"_bbp_total_reply_count":0,"_bbp_voice_count":0,"_bbp_anonymous_reply_count":0,"_bbp_topic_count_hidden":0,"_bbp_reply_count_hidden":0,"_bbp_forum_subforum_count":0,"site-sidebar-layout":"default","site-content-layout":"","ast-site-content-layout":"","site-content-style":"default","site-sidebar-style":"default","ast-global-header-display":"","ast-banner-title-visibility":"","ast-main-header-display":"","ast-hfb-above-header-display":"","ast-hfb-below-header-display":"","ast-hfb-mobile-header-display":"","site-post-title":"","ast-breadcrumbs-content":"","ast-featured-img":"","footer-sml-layout":"","theme-transparent-header-meta":"","adv-header-id-meta":"","stick-header-meta":"","header-above-stick-meta":"","header-main-stick-meta":"","header-below-stick-meta":"","astra-migrate-meta-layouts":"default","ast-page-background-enabled":"default","ast-page-background-meta":{"desktop":{"background-color":"var(--ast-global-color-4)","background-image":"","background-repeat":"repeat","background-position":"center center","background-size":"auto","background-attachment":"scroll","background-type":"","background-media":"","overlay-type":"","overlay-color":"","overlay-opacity":"","overlay-gradient":""},"tablet":{"background-color":"","background-image":"","background-repeat":"repeat","background-position":"center center","background-size":"auto","background-attachment":"scroll","background-type":"","background-media":"","overlay-type":"","overlay-color":"","overlay-opacity":"","overlay-gradient":""},"mobile":{"background-color":"","background-image":"","background-repeat":"repeat","background-position":"center center","background-size":"auto","background-attachment":"scroll","background-type":"","background-media":"","overlay-type":"","overlay-color":"","overlay-opacity":"","overlay-gradient":""}},"ast-content-background-meta":{"desktop":{"background-color":"var(--ast-global-color-5)","background-image":"","background-repeat":"repeat","background-position":"center center","background-size":"auto","background-attachment":"scroll","background-type":"","background-media":"","overlay-type":"","overlay-color":"","overlay-opacity":"","overlay-gradient":""},"tablet":{"background-color":"var(--ast-global-color-5)","background-image":"","background-repeat":"repeat","background-position":"center center","background-size":"auto","background-attachment":"scroll","background-type":"","background-media":"","overlay-type":"","overlay-color":"","overlay-opacity":"","overlay-gradient":""},"mobile":{"background-color":"var(--ast-global-color-5)","background-image":"","background-repeat":"repeat","background-position":"center center","background-size":"auto","background-attachment":"scroll","background-type":"","background-media":"","overlay-type":"","overlay-color":"","overlay-opacity":"","overlay-gradient":""}},"footnotes":""},"categories":[2,1,4],"tags":[150,127],"class_list":["post-4839","post","type-post","status-publish","format-standard","hentry","category-infantil","category-general","category-portada","tag-educ-infantil","tag-sortida"],"post_mailing_queue_ids":[],"_links":{"self":[{"href":"https:\/\/agora.xtec.cat\/escfrancescarenes\/wp-json\/wp\/v2\/posts\/4839","targetHints":{"allow":["GET"]}}],"collection":[{"href":"https:\/\/agora.xtec.cat\/escfrancescarenes\/wp-json\/wp\/v2\/posts"}],"about":[{"href":"https:\/\/agora.xtec.cat\/escfrancescarenes\/wp-json\/wp\/v2\/types\/post"}],"author":[{"embeddable":true,"href":"https:\/\/agora.xtec.cat\/escfrancescarenes\/wp-json\/wp\/v2\/users\/26"}],"replies":[{"embeddable":true,"href":"https:\/\/agora.xtec.cat\/escfrancescarenes\/wp-json\/wp\/v2\/comments?post=4839"}],"version-history":[{"count":2,"href":"https:\/\/agora.xtec.cat\/escfrancescarenes\/wp-json\/wp\/v2\/posts\/4839\/revisions"}],"predecessor-version":[{"id":4842,"href":"https:\/\/agora.xtec.cat\/escfrancescarenes\/wp-json\/wp\/v2\/posts\/4839\/revisions\/4842"}],"wp:attachment":[{"href":"https:\/\/agora.xtec.cat\/escfrancescarenes\/wp-json\/wp\/v2\/media?parent=4839"}],"wp:term":[{"taxonomy":"category","embeddable":true,"href":"https:\/\/agora.xtec.cat\/escfrancescarenes\/wp-json\/wp\/v2\/categories?post=4839"},{"taxonomy":"post_tag","embeddable":true,"href":"https:\/\/agora.xtec.cat\/escfrancescarenes\/wp-json\/wp\/v2\/tags?post=4839"}],"curies":[{"name":"wp","href":"https:\/\/api.w.org\/{rel}","templated":true}]}}