{"id":4701,"date":"2021-04-13T10:58:33","date_gmt":"2021-04-13T08:58:33","guid":{"rendered":"http:\/\/agora.xtec.cat\/escfrancescarenes\/?p=4701"},"modified":"2021-04-13T11:10:51","modified_gmt":"2021-04-13T09:10:51","slug":"musiquem-la-comarca","status":"publish","type":"post","link":"https:\/\/agora.xtec.cat\/escfrancescarenes\/general\/musiquem-la-comarca\/","title":{"rendered":"Musiquem la comarca"},"content":{"rendered":"<p>Tradicionalment, durant aquest segon trimestre, l&#8217;alumnat de 4t de prim\u00e0ria particip\u00e0vem a la Cantata del Pla d&#8217;Urgell que tenia lloc des de feia un d\u00e8cada. Degut a la pand\u00e8mia, l&#8217;activitat va ser suspesa el curs passat i aquest any tampoc ha estat possible la seva represa.<\/p>\n<p>Per\u00f2 com que la m\u00fasica forma part de la nostra vida, estem en la situaci\u00f3 que estem, hem participat a l\u2019activitat de m\u00fasica comarcal \u201cMusiquem la comarca\u201d; un joc de pistes musicals online per les escoles i amb l\u2019alumnat del Pla d\u2019Urgell com a protagonistes.<br \/>\nCada escola hem preparat una can\u00e7\u00f3 que parla sobre protegir la natura, i la can\u00e7\u00f3 \u201cNo ens desdibuixeu\u201d, del Camp d&#8217;Aprenentatge Pau Casals, que hem fet conjuntament. Ens ho vam passar molt b\u00e9 preparant les dues can\u00e7ons, fent les gravacions i per fi, el joc ja est\u00e0 preparat, l&#8217;esper\u00e0vem amb moltes ganes!<\/p>\n<p style=\"text-align: left;\"><a href=\"https:\/\/agora.xtec.cat\/escfrancescarenes\/wp-content\/uploads\/usu674\/2021\/04\/Francesc-Arenes_Golmes.jpg\"><img loading=\"lazy\" decoding=\"async\" class=\"wp-image-4704 alignleft\" src=\"https:\/\/agora.xtec.cat\/escfrancescarenes\/wp-content\/uploads\/usu674\/2021\/04\/Francesc-Arenes_Golmes-1024x768.jpg\" alt=\"\" width=\"472\" height=\"354\" srcset=\"https:\/\/agora.xtec.cat\/escfrancescarenes\/wp-content\/uploads\/usu674\/2021\/04\/Francesc-Arenes_Golmes.jpg 1024w, https:\/\/agora.xtec.cat\/escfrancescarenes\/wp-content\/uploads\/usu674\/2021\/04\/Francesc-Arenes_Golmes-300x225.jpg 300w, https:\/\/agora.xtec.cat\/escfrancescarenes\/wp-content\/uploads\/usu674\/2021\/04\/Francesc-Arenes_Golmes-768x576.jpg 768w, https:\/\/agora.xtec.cat\/escfrancescarenes\/wp-content\/uploads\/usu674\/2021\/04\/Francesc-Arenes_Golmes-200x150.jpg 200w\" sizes=\"auto, (max-width: 472px) 100vw, 472px\" \/><\/a><a href=\"https:\/\/agora.xtec.cat\/escfrancescarenes\/wp-content\/uploads\/usu674\/2021\/04\/Musiquem-la-comarca-min.jpg\"><img loading=\"lazy\" decoding=\"async\" class=\"wp-image-4702 alignleft\" src=\"https:\/\/agora.xtec.cat\/escfrancescarenes\/wp-content\/uploads\/usu674\/2021\/04\/Musiquem-la-comarca-min-724x1024.jpg\" alt=\"\" width=\"257\" height=\"363\" srcset=\"https:\/\/agora.xtec.cat\/escfrancescarenes\/wp-content\/uploads\/usu674\/2021\/04\/Musiquem-la-comarca-min-724x1024.jpg 724w, https:\/\/agora.xtec.cat\/escfrancescarenes\/wp-content\/uploads\/usu674\/2021\/04\/Musiquem-la-comarca-min-212x300.jpg 212w, https:\/\/agora.xtec.cat\/escfrancescarenes\/wp-content\/uploads\/usu674\/2021\/04\/Musiquem-la-comarca-min-768x1086.jpg 768w, https:\/\/agora.xtec.cat\/escfrancescarenes\/wp-content\/uploads\/usu674\/2021\/04\/Musiquem-la-comarca-min.jpg 1414w\" sizes=\"auto, (max-width: 257px) 100vw, 257px\" \/><\/a><\/p>\n<p>&nbsp;<\/p>\n<p>&nbsp;<\/p>\n<p>&nbsp;<\/p>\n<p>&nbsp;<\/p>\n<p>&nbsp;<\/p>\n<p>&nbsp;<\/p>\n<p>&nbsp;<\/p>\n<p>&nbsp;<\/p>\n<p>&nbsp;<\/p>\n<p>Nosaltres, els quals en som protagonistes directes, ja l&#8217;hem pogut gaudir. Aqu\u00ed el teniu per si vosaltres, des de casa, hi voleu participar. Nom\u00e9s cal que feu clic en aquest enlla\u00e7. Esteu preparats\/des?<\/p>\n<p><a href=\"https:\/\/view.genial.ly\/60571b40c256890d06ab2601\/presentation-genially-sin-titulo\" target=\"_blank\" rel=\"noopener noreferrer\">https:\/\/view.genial.ly\/60571b40c256890d06ab2601\/presentation-genially-sin-titulo<\/a><\/p>\n<p>&nbsp;<\/p>\n","protected":false},"excerpt":{"rendered":"<p>Tradicionalment, durant aquest segon trimestre, l&#8217;alumnat de 4t de prim\u00e0ria particip\u00e0vem a la Cantata del Pla d&#8217;Urgell que tenia lloc des de feia un d\u00e8cada. Degut a la pand\u00e8mia, l&#8217;activitat va ser suspesa el curs passat i aquest any tampoc ha estat possible la seva represa. Per\u00f2 com que la m\u00fasica forma part de la [&hellip;]<\/p>\n","protected":false},"author":1,"featured_media":0,"comment_status":"open","ping_status":"closed","sticky":false,"template":"","format":"standard","meta":{"_bbp_topic_count":0,"_bbp_reply_count":0,"_bbp_total_topic_count":0,"_bbp_total_reply_count":0,"_bbp_voice_count":0,"_bbp_anonymous_reply_count":0,"_bbp_topic_count_hidden":0,"_bbp_reply_count_hidden":0,"_bbp_forum_subforum_count":0,"site-sidebar-layout":"default","site-content-layout":"","ast-site-content-layout":"","site-content-style":"default","site-sidebar-style":"default","ast-global-header-display":"","ast-banner-title-visibility":"","ast-main-header-display":"","ast-hfb-above-header-display":"","ast-hfb-below-header-display":"","ast-hfb-mobile-header-display":"","site-post-title":"","ast-breadcrumbs-content":"","ast-featured-img":"","footer-sml-layout":"","theme-transparent-header-meta":"","adv-header-id-meta":"","stick-header-meta":"","header-above-stick-meta":"","header-main-stick-meta":"","header-below-stick-meta":"","astra-migrate-meta-layouts":"default","ast-page-background-enabled":"default","ast-page-background-meta":{"desktop":{"background-color":"var(--ast-global-color-4)","background-image":"","background-repeat":"repeat","background-position":"center center","background-size":"auto","background-attachment":"scroll","background-type":"","background-media":"","overlay-type":"","overlay-color":"","overlay-opacity":"","overlay-gradient":""},"tablet":{"background-color":"","background-image":"","background-repeat":"repeat","background-position":"center center","background-size":"auto","background-attachment":"scroll","background-type":"","background-media":"","overlay-type":"","overlay-color":"","overlay-opacity":"","overlay-gradient":""},"mobile":{"background-color":"","background-image":"","background-repeat":"repeat","background-position":"center center","background-size":"auto","background-attachment":"scroll","background-type":"","background-media":"","overlay-type":"","overlay-color":"","overlay-opacity":"","overlay-gradient":""}},"ast-content-background-meta":{"desktop":{"background-color":"var(--ast-global-color-5)","background-image":"","background-repeat":"repeat","background-position":"center center","background-size":"auto","background-attachment":"scroll","background-type":"","background-media":"","overlay-type":"","overlay-color":"","overlay-opacity":"","overlay-gradient":""},"tablet":{"background-color":"var(--ast-global-color-5)","background-image":"","background-repeat":"repeat","background-position":"center center","background-size":"auto","background-attachment":"scroll","background-type":"","background-media":"","overlay-type":"","overlay-color":"","overlay-opacity":"","overlay-gradient":""},"mobile":{"background-color":"var(--ast-global-color-5)","background-image":"","background-repeat":"repeat","background-position":"center center","background-size":"auto","background-attachment":"scroll","background-type":"","background-media":"","overlay-type":"","overlay-color":"","overlay-opacity":"","overlay-gradient":""}},"footnotes":""},"categories":[62,12,1,4],"tags":[],"class_list":["post-4701","post","type-post","status-publish","format-standard","hentry","category-altres-activitats","category-3r-i-4t","category-general","category-portada"],"post_mailing_queue_ids":[],"_links":{"self":[{"href":"https:\/\/agora.xtec.cat\/escfrancescarenes\/wp-json\/wp\/v2\/posts\/4701","targetHints":{"allow":["GET"]}}],"collection":[{"href":"https:\/\/agora.xtec.cat\/escfrancescarenes\/wp-json\/wp\/v2\/posts"}],"about":[{"href":"https:\/\/agora.xtec.cat\/escfrancescarenes\/wp-json\/wp\/v2\/types\/post"}],"author":[{"embeddable":true,"href":"https:\/\/agora.xtec.cat\/escfrancescarenes\/wp-json\/wp\/v2\/users\/1"}],"replies":[{"embeddable":true,"href":"https:\/\/agora.xtec.cat\/escfrancescarenes\/wp-json\/wp\/v2\/comments?post=4701"}],"version-history":[{"count":3,"href":"https:\/\/agora.xtec.cat\/escfrancescarenes\/wp-json\/wp\/v2\/posts\/4701\/revisions"}],"predecessor-version":[{"id":4710,"href":"https:\/\/agora.xtec.cat\/escfrancescarenes\/wp-json\/wp\/v2\/posts\/4701\/revisions\/4710"}],"wp:attachment":[{"href":"https:\/\/agora.xtec.cat\/escfrancescarenes\/wp-json\/wp\/v2\/media?parent=4701"}],"wp:term":[{"taxonomy":"category","embeddable":true,"href":"https:\/\/agora.xtec.cat\/escfrancescarenes\/wp-json\/wp\/v2\/categories?post=4701"},{"taxonomy":"post_tag","embeddable":true,"href":"https:\/\/agora.xtec.cat\/escfrancescarenes\/wp-json\/wp\/v2\/tags?post=4701"}],"curies":[{"name":"wp","href":"https:\/\/api.w.org\/{rel}","templated":true}]}}