{"id":3187,"date":"2019-06-18T13:15:56","date_gmt":"2019-06-18T11:15:56","guid":{"rendered":"http:\/\/agora.xtec.cat\/escfrancescarenes\/?p=3187"},"modified":"2019-06-18T13:15:56","modified_gmt":"2019-06-18T11:15:56","slug":"cloenda-apadrinament-lector","status":"publish","type":"post","link":"https:\/\/agora.xtec.cat\/escfrancescarenes\/general\/cloenda-apadrinament-lector\/","title":{"rendered":"Cloenda apadrinament lector"},"content":{"rendered":"<p>El dimarts dia 18 de juny hem fet la cloenda de l\u2019apadrinament lector. Els padrins lectors hem llegit contes als nens i nenes de P3, P4, P5, primer i segon.<\/p>\n<p>Els contes els hem explicat al pati de l\u2019escola, per\u00f2 no nom\u00e9s els hem llegit: els hem preparat titelles, m\u00e0scares i altres coses divertides per als fillols.<\/p>\n<p>Els fillols tamb\u00e9 ens han fet un regal per als padrins. En acabar hem anat al gimn\u00e0s de l\u2019escola i ens han regalat un llibre per a cada classe.<\/p>\n<p>Tots els nens i nenes ens ho hem passat molt b\u00e9.<\/p>\n<p>Tamb\u00e9 s&#8217;ha fet lliurament de dos obsequis en forma de llibre d&#8217;enigmes matem\u00e0tics a l&#8217;\u00c0lex i la Paula de sis\u00e8, ja que han obtingut molt bons resultats a les proves matem\u00e0tiques Canguret, a nivell de tot Catalunya.<\/p>\n<p>Equip de redactors de 5\u00e8.<\/p>\n<p>&nbsp;<\/p>\n<p style=\"text-align: center;\">Reportatge fotogr\u00e0fic en un clic.<\/p>\n<p style=\"text-align: left;\"><a href=\"https:\/\/photos.app.goo.gl\/4AbhM1T5DCe5i3316\" target=\"_blank\" rel=\"noopener noreferrer\"><img loading=\"lazy\" decoding=\"async\" class=\"aligncenter wp-image-3189\" src=\"https:\/\/agora.xtec.cat\/escfrancescarenes\/wp-content\/uploads\/usu674\/2019\/06\/portada-apadrinament-300x267.jpg\" alt=\"\" width=\"248\" height=\"221\" srcset=\"https:\/\/agora.xtec.cat\/escfrancescarenes\/wp-content\/uploads\/usu674\/2019\/06\/portada-apadrinament-300x267.jpg 300w, https:\/\/agora.xtec.cat\/escfrancescarenes\/wp-content\/uploads\/usu674\/2019\/06\/portada-apadrinament.jpg 626w\" sizes=\"auto, (max-width: 248px) 100vw, 248px\" \/><\/a><\/p>\n","protected":false},"excerpt":{"rendered":"<p>El dimarts dia 18 de juny hem fet la cloenda de l\u2019apadrinament lector. Els padrins lectors hem llegit contes als nens i nenes de P3, P4, P5, primer i segon. Els contes els hem explicat al pati de l\u2019escola, per\u00f2 no nom\u00e9s els hem llegit: els hem preparat titelles, m\u00e0scares i altres coses divertides per [&hellip;]<\/p>\n","protected":false},"author":1,"featured_media":1919,"comment_status":"open","ping_status":"closed","sticky":false,"template":"","format":"standard","meta":{"_bbp_topic_count":0,"_bbp_reply_count":0,"_bbp_total_topic_count":0,"_bbp_total_reply_count":0,"_bbp_voice_count":0,"_bbp_anonymous_reply_count":0,"_bbp_topic_count_hidden":0,"_bbp_reply_count_hidden":0,"_bbp_forum_subforum_count":0,"site-sidebar-layout":"default","site-content-layout":"","ast-site-content-layout":"","site-content-style":"default","site-sidebar-style":"default","ast-global-header-display":"","ast-banner-title-visibility":"","ast-main-header-display":"","ast-hfb-above-header-display":"","ast-hfb-below-header-display":"","ast-hfb-mobile-header-display":"","site-post-title":"","ast-breadcrumbs-content":"","ast-featured-img":"","footer-sml-layout":"","theme-transparent-header-meta":"","adv-header-id-meta":"","stick-header-meta":"","header-above-stick-meta":"","header-main-stick-meta":"","header-below-stick-meta":"","astra-migrate-meta-layouts":"default","ast-page-background-enabled":"default","ast-page-background-meta":{"desktop":{"background-color":"var(--ast-global-color-4)","background-image":"","background-repeat":"repeat","background-position":"center center","background-size":"auto","background-attachment":"scroll","background-type":"","background-media":"","overlay-type":"","overlay-color":"","overlay-opacity":"","overlay-gradient":""},"tablet":{"background-color":"","background-image":"","background-repeat":"repeat","background-position":"center center","background-size":"auto","background-attachment":"scroll","background-type":"","background-media":"","overlay-type":"","overlay-color":"","overlay-opacity":"","overlay-gradient":""},"mobile":{"background-color":"","background-image":"","background-repeat":"repeat","background-position":"center center","background-size":"auto","background-attachment":"scroll","background-type":"","background-media":"","overlay-type":"","overlay-color":"","overlay-opacity":"","overlay-gradient":""}},"ast-content-background-meta":{"desktop":{"background-color":"var(--ast-global-color-5)","background-image":"","background-repeat":"repeat","background-position":"center center","background-size":"auto","background-attachment":"scroll","background-type":"","background-media":"","overlay-type":"","overlay-color":"","overlay-opacity":"","overlay-gradient":""},"tablet":{"background-color":"var(--ast-global-color-5)","background-image":"","background-repeat":"repeat","background-position":"center center","background-size":"auto","background-attachment":"scroll","background-type":"","background-media":"","overlay-type":"","overlay-color":"","overlay-opacity":"","overlay-gradient":""},"mobile":{"background-color":"var(--ast-global-color-5)","background-image":"","background-repeat":"repeat","background-position":"center center","background-size":"auto","background-attachment":"scroll","background-type":"","background-media":"","overlay-type":"","overlay-color":"","overlay-opacity":"","overlay-gradient":""}},"footnotes":""},"categories":[62,10,12,15,2,1,4],"tags":[259,208,67,78],"class_list":["post-3187","post","type-post","status-publish","format-standard","has-post-thumbnail","hentry","category-altres-activitats","category-1r-i-2n","category-3r-i-4t","category-5e-i-6e","category-infantil","category-general","category-portada","tag-animacio-a-la-lectura","tag-apadrinament-lector","tag-ed-infantil","tag-ed-primaria"],"post_mailing_queue_ids":[],"_links":{"self":[{"href":"https:\/\/agora.xtec.cat\/escfrancescarenes\/wp-json\/wp\/v2\/posts\/3187","targetHints":{"allow":["GET"]}}],"collection":[{"href":"https:\/\/agora.xtec.cat\/escfrancescarenes\/wp-json\/wp\/v2\/posts"}],"about":[{"href":"https:\/\/agora.xtec.cat\/escfrancescarenes\/wp-json\/wp\/v2\/types\/post"}],"author":[{"embeddable":true,"href":"https:\/\/agora.xtec.cat\/escfrancescarenes\/wp-json\/wp\/v2\/users\/1"}],"replies":[{"embeddable":true,"href":"https:\/\/agora.xtec.cat\/escfrancescarenes\/wp-json\/wp\/v2\/comments?post=3187"}],"version-history":[{"count":3,"href":"https:\/\/agora.xtec.cat\/escfrancescarenes\/wp-json\/wp\/v2\/posts\/3187\/revisions"}],"predecessor-version":[{"id":3191,"href":"https:\/\/agora.xtec.cat\/escfrancescarenes\/wp-json\/wp\/v2\/posts\/3187\/revisions\/3191"}],"wp:featuredmedia":[{"embeddable":true,"href":"https:\/\/agora.xtec.cat\/escfrancescarenes\/wp-json\/wp\/v2\/media\/1919"}],"wp:attachment":[{"href":"https:\/\/agora.xtec.cat\/escfrancescarenes\/wp-json\/wp\/v2\/media?parent=3187"}],"wp:term":[{"taxonomy":"category","embeddable":true,"href":"https:\/\/agora.xtec.cat\/escfrancescarenes\/wp-json\/wp\/v2\/categories?post=3187"},{"taxonomy":"post_tag","embeddable":true,"href":"https:\/\/agora.xtec.cat\/escfrancescarenes\/wp-json\/wp\/v2\/tags?post=3187"}],"curies":[{"name":"wp","href":"https:\/\/api.w.org\/{rel}","templated":true}]}}