{"id":2555,"date":"2019-03-21T12:55:21","date_gmt":"2019-03-21T11:55:21","guid":{"rendered":"http:\/\/agora.xtec.cat\/escfrancescarenes\/?p=2555"},"modified":"2019-03-21T12:55:21","modified_gmt":"2019-03-21T11:55:21","slug":"cantata-florinda-la-vaca-pallassa","status":"publish","type":"post","link":"https:\/\/agora.xtec.cat\/escfrancescarenes\/general\/cantata-florinda-la-vaca-pallassa\/","title":{"rendered":"Cantata &#8220;Florinda, la vaca pallassa&#8221;"},"content":{"rendered":"<p>El divendres 15 de mar\u00e7 va tenir lloc al pavell\u00f3 municipal d&#8217; El Palau d&#8217;Anglesola X edici\u00f3 del Cantem, amb la cantata &#8220;Florinda, la vaca pallassa&#8221;.<\/p>\n<p>En aquesta edici\u00f3 els alumnes de 17 escoles del Pla d&#8217;Urgell i la Jove Orquestra de Cambra de l&#8217;Escola de M\u00fasica de Mollerussa, sota la gran batuta de Josep Miquel Mindan, ens vam reunir a El Palau d&#8217;Anglesola per tal de passar una molt bona tarda, assajant i preparant la cantata &#8220;Florinda, la vaca pallassa&#8221; de Manel Just\u00edcia. Despr\u00e9s de l&#8217;assaig, intens per\u00f2 molt profit\u00f3s, vam poder berenar i descansar una estona i despr\u00e9s vam oferir als pares, familiars, mestres i acompanyants un magn\u00edfic concert.<\/p>\n<p>Els alumnes de 4t de la nostra escola vam ser els encarregats, despr\u00e9s de tot un trimestre assajant amb moltes ganes de dur a terme aquesta cantata on vam posar m\u00fasica, mitjan\u00e7ant 7 can\u00e7ons, a la hist\u00f2ria de la Florinda, una vaca lletera que volia ser pallassa. Un dia arriba un circ a la ciutat i decideix saltar la tanca i complir el seu somni. Va ser una tarda molt bonica i una gran experi\u00e8ncia per a recordar.<\/p>\n<p>Cliqueu sobre el cartell de la cantata per tal de veure el recull fotogr\u00e0fic.<\/p>\n<p><a href=\"https:\/\/photos.app.goo.gl\/DSAVNvuAi9mtc6mf9\" target=\"_blank\" rel=\"noopener\"><img loading=\"lazy\" decoding=\"async\" class=\"aligncenter wp-image-2556 size-medium\" src=\"https:\/\/agora.xtec.cat\/escfrancescarenes\/wp-content\/uploads\/usu674\/2019\/03\/Cartell-cantata-212x300.jpg\" alt=\"\" width=\"212\" height=\"300\" srcset=\"https:\/\/agora.xtec.cat\/escfrancescarenes\/wp-content\/uploads\/usu674\/2019\/03\/Cartell-cantata-212x300.jpg 212w, https:\/\/agora.xtec.cat\/escfrancescarenes\/wp-content\/uploads\/usu674\/2019\/03\/Cartell-cantata.jpg 423w\" sizes=\"auto, (max-width: 212px) 100vw, 212px\" \/><\/a><\/p>\n","protected":false},"excerpt":{"rendered":"<p>El divendres 15 de mar\u00e7 va tenir lloc al pavell\u00f3 municipal d&#8217; El Palau d&#8217;Anglesola X edici\u00f3 del Cantem, amb la cantata &#8220;Florinda, la vaca pallassa&#8221;. En aquesta edici\u00f3 els alumnes de 17 escoles del Pla d&#8217;Urgell i la Jove Orquestra de Cambra de l&#8217;Escola de M\u00fasica de Mollerussa, sota la gran batuta de Josep [&hellip;]<\/p>\n","protected":false},"author":1,"featured_media":1919,"comment_status":"open","ping_status":"closed","sticky":false,"template":"","format":"standard","meta":{"_bbp_topic_count":0,"_bbp_reply_count":0,"_bbp_total_topic_count":0,"_bbp_total_reply_count":0,"_bbp_voice_count":0,"_bbp_anonymous_reply_count":0,"_bbp_topic_count_hidden":0,"_bbp_reply_count_hidden":0,"_bbp_forum_subforum_count":0,"site-sidebar-layout":"default","site-content-layout":"","ast-site-content-layout":"","site-content-style":"default","site-sidebar-style":"default","ast-global-header-display":"","ast-banner-title-visibility":"","ast-main-header-display":"","ast-hfb-above-header-display":"","ast-hfb-below-header-display":"","ast-hfb-mobile-header-display":"","site-post-title":"","ast-breadcrumbs-content":"","ast-featured-img":"","footer-sml-layout":"","theme-transparent-header-meta":"","adv-header-id-meta":"","stick-header-meta":"","header-above-stick-meta":"","header-main-stick-meta":"","header-below-stick-meta":"","astra-migrate-meta-layouts":"default","ast-page-background-enabled":"default","ast-page-background-meta":{"desktop":{"background-color":"var(--ast-global-color-4)","background-image":"","background-repeat":"repeat","background-position":"center center","background-size":"auto","background-attachment":"scroll","background-type":"","background-media":"","overlay-type":"","overlay-color":"","overlay-opacity":"","overlay-gradient":""},"tablet":{"background-color":"","background-image":"","background-repeat":"repeat","background-position":"center center","background-size":"auto","background-attachment":"scroll","background-type":"","background-media":"","overlay-type":"","overlay-color":"","overlay-opacity":"","overlay-gradient":""},"mobile":{"background-color":"","background-image":"","background-repeat":"repeat","background-position":"center center","background-size":"auto","background-attachment":"scroll","background-type":"","background-media":"","overlay-type":"","overlay-color":"","overlay-opacity":"","overlay-gradient":""}},"ast-content-background-meta":{"desktop":{"background-color":"var(--ast-global-color-5)","background-image":"","background-repeat":"repeat","background-position":"center center","background-size":"auto","background-attachment":"scroll","background-type":"","background-media":"","overlay-type":"","overlay-color":"","overlay-opacity":"","overlay-gradient":""},"tablet":{"background-color":"var(--ast-global-color-5)","background-image":"","background-repeat":"repeat","background-position":"center center","background-size":"auto","background-attachment":"scroll","background-type":"","background-media":"","overlay-type":"","overlay-color":"","overlay-opacity":"","overlay-gradient":""},"mobile":{"background-color":"var(--ast-global-color-5)","background-image":"","background-repeat":"repeat","background-position":"center center","background-size":"auto","background-attachment":"scroll","background-type":"","background-media":"","overlay-type":"","overlay-color":"","overlay-opacity":"","overlay-gradient":""}},"footnotes":""},"categories":[62,12,1,4,61],"tags":[136,71,82,127],"class_list":["post-2555","post","type-post","status-publish","format-standard","has-post-thumbnail","hentry","category-altres-activitats","category-3r-i-4t","category-general","category-portada","category-sortides","tag-cantata","tag-cicle-mitja","tag-musica","tag-sortida"],"post_mailing_queue_ids":[],"_links":{"self":[{"href":"https:\/\/agora.xtec.cat\/escfrancescarenes\/wp-json\/wp\/v2\/posts\/2555","targetHints":{"allow":["GET"]}}],"collection":[{"href":"https:\/\/agora.xtec.cat\/escfrancescarenes\/wp-json\/wp\/v2\/posts"}],"about":[{"href":"https:\/\/agora.xtec.cat\/escfrancescarenes\/wp-json\/wp\/v2\/types\/post"}],"author":[{"embeddable":true,"href":"https:\/\/agora.xtec.cat\/escfrancescarenes\/wp-json\/wp\/v2\/users\/1"}],"replies":[{"embeddable":true,"href":"https:\/\/agora.xtec.cat\/escfrancescarenes\/wp-json\/wp\/v2\/comments?post=2555"}],"version-history":[{"count":1,"href":"https:\/\/agora.xtec.cat\/escfrancescarenes\/wp-json\/wp\/v2\/posts\/2555\/revisions"}],"predecessor-version":[{"id":2557,"href":"https:\/\/agora.xtec.cat\/escfrancescarenes\/wp-json\/wp\/v2\/posts\/2555\/revisions\/2557"}],"wp:featuredmedia":[{"embeddable":true,"href":"https:\/\/agora.xtec.cat\/escfrancescarenes\/wp-json\/wp\/v2\/media\/1919"}],"wp:attachment":[{"href":"https:\/\/agora.xtec.cat\/escfrancescarenes\/wp-json\/wp\/v2\/media?parent=2555"}],"wp:term":[{"taxonomy":"category","embeddable":true,"href":"https:\/\/agora.xtec.cat\/escfrancescarenes\/wp-json\/wp\/v2\/categories?post=2555"},{"taxonomy":"post_tag","embeddable":true,"href":"https:\/\/agora.xtec.cat\/escfrancescarenes\/wp-json\/wp\/v2\/tags?post=2555"}],"curies":[{"name":"wp","href":"https:\/\/api.w.org\/{rel}","templated":true}]}}