{"id":2261,"date":"2018-12-21T12:17:34","date_gmt":"2018-12-21T11:17:34","guid":{"rendered":"http:\/\/agora.xtec.cat\/escfrancescarenes\/?p=2261"},"modified":"2018-12-21T12:17:34","modified_gmt":"2018-12-21T11:17:34","slug":"festival-de-nadal-2","status":"publish","type":"post","link":"https:\/\/agora.xtec.cat\/escfrancescarenes\/general\/festival-de-nadal-2\/","title":{"rendered":"Festival de Nadal"},"content":{"rendered":"<p>Ahir a la tarda, va tenir lloc el gran festival de Nadal de l&#8217;escola. Com a novetat, a part del canvi d&#8217;horari de mat\u00ed a tarda per motius no previstos, vam trobar-nos tots al pavell\u00f3 Salvador Ezquerra. Amb una gran assist\u00e8ncia de p\u00fablic, vam poder compartir una gran tarda amb representacions, balls, teatre, poemes, tots de gran qualitat i varietat. Va ser una tarda molt amena, entretinguda i on tots els alumnes de l&#8217;escola vam ensenyar als nostres familiars, amics i ve\u00efns qu\u00e8 bons artistes som. Moltes gr\u00e0cies per la vostra assist\u00e8ncia, col\u00b7laboraci\u00f3 i aplaudiments.<\/p>\n<p><a href=\"https:\/\/photos.app.goo.gl\/9CpFwKD8P7Wmm2Xv9\" target=\"_blank\" rel=\"noopener\"><img loading=\"lazy\" decoding=\"async\" class=\"aligncenter wp-image-2265 size-medium\" src=\"https:\/\/agora.xtec.cat\/escfrancescarenes\/wp-content\/uploads\/usu674\/2018\/12\/festival-nadal-209x300.jpg\" alt=\"\" width=\"209\" height=\"300\" srcset=\"https:\/\/agora.xtec.cat\/escfrancescarenes\/wp-content\/uploads\/usu674\/2018\/12\/festival-nadal-209x300.jpg 209w, https:\/\/agora.xtec.cat\/escfrancescarenes\/wp-content\/uploads\/usu674\/2018\/12\/festival-nadal.jpg 712w\" sizes=\"auto, (max-width: 209px) 100vw, 209px\" \/><\/a><\/p>\n<p style=\"text-align: center;\">Podeu veure una mostra de les actuacions fent clic a la fotografia.<\/p>\n","protected":false},"excerpt":{"rendered":"<p>Ahir a la tarda, va tenir lloc el gran festival de Nadal de l&#8217;escola. Com a novetat, a part del canvi d&#8217;horari de mat\u00ed a tarda per motius no previstos, vam trobar-nos tots al pavell\u00f3 Salvador Ezquerra. Amb una gran assist\u00e8ncia de p\u00fablic, vam poder compartir una gran tarda amb representacions, balls, teatre, poemes, tots [&hellip;]<\/p>\n","protected":false},"author":1,"featured_media":1919,"comment_status":"open","ping_status":"closed","sticky":false,"template":"","format":"standard","meta":{"_bbp_topic_count":0,"_bbp_reply_count":0,"_bbp_total_topic_count":0,"_bbp_total_reply_count":0,"_bbp_voice_count":0,"_bbp_anonymous_reply_count":0,"_bbp_topic_count_hidden":0,"_bbp_reply_count_hidden":0,"_bbp_forum_subforum_count":0,"site-sidebar-layout":"default","site-content-layout":"","ast-site-content-layout":"","site-content-style":"default","site-sidebar-style":"default","ast-global-header-display":"","ast-banner-title-visibility":"","ast-main-header-display":"","ast-hfb-above-header-display":"","ast-hfb-below-header-display":"","ast-hfb-mobile-header-display":"","site-post-title":"","ast-breadcrumbs-content":"","ast-featured-img":"","footer-sml-layout":"","theme-transparent-header-meta":"","adv-header-id-meta":"","stick-header-meta":"","header-above-stick-meta":"","header-main-stick-meta":"","header-below-stick-meta":"","astra-migrate-meta-layouts":"default","ast-page-background-enabled":"default","ast-page-background-meta":{"desktop":{"background-color":"var(--ast-global-color-4)","background-image":"","background-repeat":"repeat","background-position":"center center","background-size":"auto","background-attachment":"scroll","background-type":"","background-media":"","overlay-type":"","overlay-color":"","overlay-opacity":"","overlay-gradient":""},"tablet":{"background-color":"","background-image":"","background-repeat":"repeat","background-position":"center center","background-size":"auto","background-attachment":"scroll","background-type":"","background-media":"","overlay-type":"","overlay-color":"","overlay-opacity":"","overlay-gradient":""},"mobile":{"background-color":"","background-image":"","background-repeat":"repeat","background-position":"center center","background-size":"auto","background-attachment":"scroll","background-type":"","background-media":"","overlay-type":"","overlay-color":"","overlay-opacity":"","overlay-gradient":""}},"ast-content-background-meta":{"desktop":{"background-color":"var(--ast-global-color-5)","background-image":"","background-repeat":"repeat","background-position":"center center","background-size":"auto","background-attachment":"scroll","background-type":"","background-media":"","overlay-type":"","overlay-color":"","overlay-opacity":"","overlay-gradient":""},"tablet":{"background-color":"var(--ast-global-color-5)","background-image":"","background-repeat":"repeat","background-position":"center center","background-size":"auto","background-attachment":"scroll","background-type":"","background-media":"","overlay-type":"","overlay-color":"","overlay-opacity":"","overlay-gradient":""},"mobile":{"background-color":"var(--ast-global-color-5)","background-image":"","background-repeat":"repeat","background-position":"center center","background-size":"auto","background-attachment":"scroll","background-type":"","background-media":"","overlay-type":"","overlay-color":"","overlay-opacity":"","overlay-gradient":""}},"footnotes":""},"categories":[62,10,12,15,2,1,4],"tags":[67,78,95,90,86],"class_list":["post-2261","post","type-post","status-publish","format-standard","has-post-thumbnail","hentry","category-altres-activitats","category-1r-i-2n","category-3r-i-4t","category-5e-i-6e","category-infantil","category-general","category-portada","tag-ed-infantil","tag-ed-primaria","tag-festival","tag-il-lusio","tag-nadal"],"post_mailing_queue_ids":[],"_links":{"self":[{"href":"https:\/\/agora.xtec.cat\/escfrancescarenes\/wp-json\/wp\/v2\/posts\/2261","targetHints":{"allow":["GET"]}}],"collection":[{"href":"https:\/\/agora.xtec.cat\/escfrancescarenes\/wp-json\/wp\/v2\/posts"}],"about":[{"href":"https:\/\/agora.xtec.cat\/escfrancescarenes\/wp-json\/wp\/v2\/types\/post"}],"author":[{"embeddable":true,"href":"https:\/\/agora.xtec.cat\/escfrancescarenes\/wp-json\/wp\/v2\/users\/1"}],"replies":[{"embeddable":true,"href":"https:\/\/agora.xtec.cat\/escfrancescarenes\/wp-json\/wp\/v2\/comments?post=2261"}],"version-history":[{"count":3,"href":"https:\/\/agora.xtec.cat\/escfrancescarenes\/wp-json\/wp\/v2\/posts\/2261\/revisions"}],"predecessor-version":[{"id":2267,"href":"https:\/\/agora.xtec.cat\/escfrancescarenes\/wp-json\/wp\/v2\/posts\/2261\/revisions\/2267"}],"wp:featuredmedia":[{"embeddable":true,"href":"https:\/\/agora.xtec.cat\/escfrancescarenes\/wp-json\/wp\/v2\/media\/1919"}],"wp:attachment":[{"href":"https:\/\/agora.xtec.cat\/escfrancescarenes\/wp-json\/wp\/v2\/media?parent=2261"}],"wp:term":[{"taxonomy":"category","embeddable":true,"href":"https:\/\/agora.xtec.cat\/escfrancescarenes\/wp-json\/wp\/v2\/categories?post=2261"},{"taxonomy":"post_tag","embeddable":true,"href":"https:\/\/agora.xtec.cat\/escfrancescarenes\/wp-json\/wp\/v2\/tags?post=2261"}],"curies":[{"name":"wp","href":"https:\/\/api.w.org\/{rel}","templated":true}]}}