{"id":991,"date":"2019-12-13T11:35:57","date_gmt":"2019-12-13T10:35:57","guid":{"rendered":"http:\/\/agora.xtec.cat\/escfonollosa\/?p=991"},"modified":"2020-01-19T21:03:41","modified_gmt":"2020-01-19T20:03:41","slug":"sortida-de-tardor","status":"publish","type":"post","link":"https:\/\/agora.xtec.cat\/escfonollosa\/infantil\/sortida-de-tardor\/","title":{"rendered":"Sortida de tardor"},"content":{"rendered":"<p>El novembre, teniem la sortida al bosc, per\u00f2 pel mal temps que feia, vam fer una volta pel poble, i vam tenir l&#8217;oportunitat de visitar la f\u00e0brica i veure un dels antics telers que conserva l&#8217;ajuntament de l&#8217;antiga f\u00e0brica de teixit. I com que aquest any a pl\u00e0stica treballarem Aur\u00e8lia Mu\u00f1oz que treballa amb fils, teles,&#8230; ho hem aprofitat.<\/p>\n<p>Mentre vam fer la volta pel poble, tamb\u00e9 vam observar els arbres, les seves fulles, els seus colors, si perdien les fulles o no,&#8230;<\/p>\n<p><a href=\"https:\/\/drive.google.com\/drive\/folders\/15WcyaQz4ouIfLRoavteiK14vK2EJksmm\"><img loading=\"lazy\" decoding=\"async\" class=\"alignnone wp-image-1001 size-medium\" src=\"https:\/\/agora.xtec.cat\/escfonollosa\/wp-content\/uploads\/usu1840\/2020\/01\/IMG_20191113_104621-300x225.jpg\" alt=\"\" width=\"300\" height=\"225\" srcset=\"https:\/\/agora.xtec.cat\/escfonollosa\/wp-content\/uploads\/usu1840\/2020\/01\/IMG_20191113_104621-300x225.jpg 300w, https:\/\/agora.xtec.cat\/escfonollosa\/wp-content\/uploads\/usu1840\/2020\/01\/IMG_20191113_104621-768x576.jpg 768w, https:\/\/agora.xtec.cat\/escfonollosa\/wp-content\/uploads\/usu1840\/2020\/01\/IMG_20191113_104621-1024x768.jpg 1024w, https:\/\/agora.xtec.cat\/escfonollosa\/wp-content\/uploads\/usu1840\/2020\/01\/IMG_20191113_104621-200x150.jpg 200w, https:\/\/agora.xtec.cat\/escfonollosa\/wp-content\/uploads\/usu1840\/2020\/01\/IMG_20191113_104621.jpg 1600w\" sizes=\"auto, (max-width: 300px) 100vw, 300px\" \/><\/a><\/p>\n<p>Feu clic sobre la foto per veure la resta de fotografies.<\/p>\n","protected":false},"excerpt":{"rendered":"<p>El novembre, teniem la sortida al bosc, per\u00f2 pel mal temps que feia, vam fer una volta pel poble, i vam tenir l&#8217;oportunitat de visitar la f\u00e0brica i veure un dels antics telers que conserva l&#8217;ajuntament de l&#8217;antiga f\u00e0brica de teixit. I com que aquest&hellip;  <a href=\"https:\/\/agora.xtec.cat\/escfonollosa\/infantil\/sortida-de-tardor\/\" title=\"Read Sortida de tardor\">Llegeix m\u00e9s\u00bb<\/a><\/p>\n","protected":false},"author":1,"featured_media":0,"comment_status":"closed","ping_status":"closed","sticky":false,"template":"","format":"standard","meta":{"_bbp_topic_count":0,"_bbp_reply_count":0,"_bbp_total_topic_count":0,"_bbp_total_reply_count":0,"_bbp_voice_count":0,"_bbp_anonymous_reply_count":0,"_bbp_topic_count_hidden":0,"_bbp_reply_count_hidden":0,"_bbp_forum_subforum_count":0,"footnotes":""},"categories":[2],"tags":[83,63,77,16],"class_list":["post-991","post","type-post","status-publish","format-standard","hentry","category-infantil","tag-curs-2019-2020","tag-educacio-infantil","tag-natura","tag-sortides"],"post_mailing_queue_ids":[],"_links":{"self":[{"href":"https:\/\/agora.xtec.cat\/escfonollosa\/wp-json\/wp\/v2\/posts\/991","targetHints":{"allow":["GET"]}}],"collection":[{"href":"https:\/\/agora.xtec.cat\/escfonollosa\/wp-json\/wp\/v2\/posts"}],"about":[{"href":"https:\/\/agora.xtec.cat\/escfonollosa\/wp-json\/wp\/v2\/types\/post"}],"author":[{"embeddable":true,"href":"https:\/\/agora.xtec.cat\/escfonollosa\/wp-json\/wp\/v2\/users\/1"}],"replies":[{"embeddable":true,"href":"https:\/\/agora.xtec.cat\/escfonollosa\/wp-json\/wp\/v2\/comments?post=991"}],"version-history":[{"count":2,"href":"https:\/\/agora.xtec.cat\/escfonollosa\/wp-json\/wp\/v2\/posts\/991\/revisions"}],"predecessor-version":[{"id":1002,"href":"https:\/\/agora.xtec.cat\/escfonollosa\/wp-json\/wp\/v2\/posts\/991\/revisions\/1002"}],"wp:attachment":[{"href":"https:\/\/agora.xtec.cat\/escfonollosa\/wp-json\/wp\/v2\/media?parent=991"}],"wp:term":[{"taxonomy":"category","embeddable":true,"href":"https:\/\/agora.xtec.cat\/escfonollosa\/wp-json\/wp\/v2\/categories?post=991"},{"taxonomy":"post_tag","embeddable":true,"href":"https:\/\/agora.xtec.cat\/escfonollosa\/wp-json\/wp\/v2\/tags?post=991"}],"curies":[{"name":"wp","href":"https:\/\/api.w.org\/{rel}","templated":true}]}}