{"id":755,"date":"2019-03-29T12:41:43","date_gmt":"2019-03-29T11:41:43","guid":{"rendered":"http:\/\/agora.xtec.cat\/escfonollosa\/?p=755"},"modified":"2019-03-29T12:41:43","modified_gmt":"2019-03-29T11:41:43","slug":"festa-de-primavera","status":"publish","type":"post","link":"https:\/\/agora.xtec.cat\/escfonollosa\/general\/festa-de-primavera\/","title":{"rendered":"FESTA DE PRIMAVERA"},"content":{"rendered":"<p style=\"text-align: justify;\">Avui divendres adults i infants de l&#8217;escola estem ultimant els detalls de la Festa de Primavera que celebrarem el proper diumenge 31 de mar\u00e7. Totes les aules ja han pres forma per tal d&#8217;exposar els treballs pl\u00e0stics que hem fet al voltant de la figura del Jaume Plensa i, a m\u00e9s a m\u00e9s, en alguna aula se sent la melodia de la dansa que ballaran, senyal que fan el darrer assaig abans de diumenge.<\/p>\n<p style=\"text-align: justify;\">Enguany farem l&#8217;actuaci\u00f3 musical a la pista poliesportiva del poble, just al costat de l&#8217;escola. La brigada de l&#8217;ajuntament de Fonollosa ja ha muntat l&#8217;escenari i ha portat les cadires que molt amablement ens han cedit les associacions culturals de Camps i Fals. Esperem que l&#8217;anunciada i desitjada pluja que arribar\u00e0 diumenge a la tarda o dilluns ens respecti durant el mat\u00ed.<\/p>\n","protected":false},"excerpt":{"rendered":"<p>Avui divendres adults i infants de l&#8217;escola estem ultimant els detalls de la Festa de Primavera que celebrarem el proper diumenge 31 de mar\u00e7. Totes les aules ja han pres forma per tal d&#8217;exposar els treballs pl\u00e0stics que hem fet al voltant de la figura&hellip;  <a href=\"https:\/\/agora.xtec.cat\/escfonollosa\/general\/festa-de-primavera\/\" title=\"Read FESTA DE PRIMAVERA\">Llegeix m\u00e9s\u00bb<\/a><\/p>\n","protected":false},"author":4,"featured_media":0,"comment_status":"closed","ping_status":"closed","sticky":false,"template":"","format":"standard","meta":{"_bbp_topic_count":0,"_bbp_reply_count":0,"_bbp_total_topic_count":0,"_bbp_total_reply_count":0,"_bbp_voice_count":0,"_bbp_anonymous_reply_count":0,"_bbp_topic_count_hidden":0,"_bbp_reply_count_hidden":0,"_bbp_forum_subforum_count":0,"footnotes":""},"categories":[1,4],"tags":[62,75],"class_list":["post-755","post","type-post","status-publish","format-standard","hentry","category-general","category-portada","tag-curs-2018-2019","tag-festes"],"post_mailing_queue_ids":[],"_links":{"self":[{"href":"https:\/\/agora.xtec.cat\/escfonollosa\/wp-json\/wp\/v2\/posts\/755","targetHints":{"allow":["GET"]}}],"collection":[{"href":"https:\/\/agora.xtec.cat\/escfonollosa\/wp-json\/wp\/v2\/posts"}],"about":[{"href":"https:\/\/agora.xtec.cat\/escfonollosa\/wp-json\/wp\/v2\/types\/post"}],"author":[{"embeddable":true,"href":"https:\/\/agora.xtec.cat\/escfonollosa\/wp-json\/wp\/v2\/users\/4"}],"replies":[{"embeddable":true,"href":"https:\/\/agora.xtec.cat\/escfonollosa\/wp-json\/wp\/v2\/comments?post=755"}],"version-history":[{"count":2,"href":"https:\/\/agora.xtec.cat\/escfonollosa\/wp-json\/wp\/v2\/posts\/755\/revisions"}],"predecessor-version":[{"id":757,"href":"https:\/\/agora.xtec.cat\/escfonollosa\/wp-json\/wp\/v2\/posts\/755\/revisions\/757"}],"wp:attachment":[{"href":"https:\/\/agora.xtec.cat\/escfonollosa\/wp-json\/wp\/v2\/media?parent=755"}],"wp:term":[{"taxonomy":"category","embeddable":true,"href":"https:\/\/agora.xtec.cat\/escfonollosa\/wp-json\/wp\/v2\/categories?post=755"},{"taxonomy":"post_tag","embeddable":true,"href":"https:\/\/agora.xtec.cat\/escfonollosa\/wp-json\/wp\/v2\/tags?post=755"}],"curies":[{"name":"wp","href":"https:\/\/api.w.org\/{rel}","templated":true}]}}