{"id":735,"date":"2019-03-07T21:04:05","date_gmt":"2019-03-07T20:04:05","guid":{"rendered":"http:\/\/agora.xtec.cat\/escfonollosa\/?p=735"},"modified":"2019-03-07T21:05:20","modified_gmt":"2019-03-07T20:05:20","slug":"concert-amb-lescola-de-la-concepcio-de-barcelona","status":"publish","type":"post","link":"https:\/\/agora.xtec.cat\/escfonollosa\/general\/concert-amb-lescola-de-la-concepcio-de-barcelona\/","title":{"rendered":"Concert amb l&#8217;escola de la Concepci\u00f3 de Barcelona"},"content":{"rendered":"<p style=\"text-align: justify;\">Els nens i les nenes de Cicle Superior de l&#8217;escola estan de col\u00f2nies a Barcelona. Entre moltes d&#8217;altres activitats, han anat a visitar l&#8217;escola de la Concepci\u00f3 \u00a0situada a l&#8217;Eixample Barcelon\u00ed (podeu visitar la seva web <a href=\"https:\/\/agora.xtec.cat\/escoladelaconcepcio\/\">AQU\u00cd<\/a>). Tamb\u00e9 tenen un projecte d&#8217;ensenyament musical per a tot el seu alumnat. Ja hi vam anar a les col\u00f2nies el curs passat i, resultat d&#8217;aquella profitosa experi\u00e8ncia, hi hem tornat.<\/p>\n<p style=\"text-align: justify;\">En aquesta ocasi\u00f3, per\u00f2, hem aconseguit poder interpretar can\u00e7ons plegats: ells tocant els instruments i nosaltres cantant. Quan vinguin a Fonollosa, ho farem a la inversa. Per tal que us en pugueu fer una idea, podeu veure un petit v\u00eddeo del moment en que assaj\u00e0vem &#8220;La Habana&#8221; plegats:<\/p>\n<p><iframe loading=\"lazy\" title=\"la habana  concepci\u00f3 fonollosa\" width=\"500\" height=\"281\" src=\"https:\/\/www.youtube.com\/embed\/m-v2OhzNuIc?feature=oembed\" frameborder=\"0\" allow=\"accelerometer; autoplay; clipboard-write; encrypted-media; gyroscope; picture-in-picture; web-share\" referrerpolicy=\"strict-origin-when-cross-origin\" allowfullscreen><\/iframe><\/p>\n<p>A m\u00e9s a m\u00e9s, nosaltres els hem obsequiat amb una de les peces del nostre musical: Um pah pah. Encara li falta una mica de rodatge, per\u00f2 sona molt b\u00e9, oi?<\/p>\n<p><iframe loading=\"lazy\" title=\"umpahpah\" width=\"500\" height=\"281\" src=\"https:\/\/www.youtube.com\/embed\/bl3G9FS7xQ0?feature=oembed\" frameborder=\"0\" allow=\"accelerometer; autoplay; clipboard-write; encrypted-media; gyroscope; picture-in-picture; web-share\" referrerpolicy=\"strict-origin-when-cross-origin\" allowfullscreen><\/iframe><\/p>\n","protected":false},"excerpt":{"rendered":"<p>Els nens i les nenes de Cicle Superior de l&#8217;escola estan de col\u00f2nies a Barcelona. Entre moltes d&#8217;altres activitats, han anat a visitar l&#8217;escola de la Concepci\u00f3 \u00a0situada a l&#8217;Eixample Barcelon\u00ed (podeu visitar la seva web <a href=\"https:\/\/agora.xtec.cat\/escoladelaconcepcio\/\">AQU\u00cd<\/a>). Tamb\u00e9 tenen un projecte d&#8217;ensenyament musical per&hellip;  <a href=\"https:\/\/agora.xtec.cat\/escfonollosa\/general\/concert-amb-lescola-de-la-concepcio-de-barcelona\/\" title=\"Read Concert amb l&#8217;escola de la Concepci\u00f3 de Barcelona\">Llegeix m\u00e9s\u00bb<\/a><\/p>\n","protected":false},"author":4,"featured_media":740,"comment_status":"closed","ping_status":"closed","sticky":false,"template":"","format":"standard","meta":{"_bbp_topic_count":0,"_bbp_reply_count":0,"_bbp_total_topic_count":0,"_bbp_total_reply_count":0,"_bbp_voice_count":0,"_bbp_anonymous_reply_count":0,"_bbp_topic_count_hidden":0,"_bbp_reply_count_hidden":0,"_bbp_forum_subforum_count":0,"footnotes":""},"categories":[61,1,4],"tags":[66,68,74,62,67],"class_list":["post-735","post","type-post","status-publish","format-standard","has-post-thumbnail","hentry","category-cs","category-general","category-portada","tag-cicle-superior","tag-colonies","tag-concert","tag-curs-2018-2019","tag-musica"],"post_mailing_queue_ids":[],"_links":{"self":[{"href":"https:\/\/agora.xtec.cat\/escfonollosa\/wp-json\/wp\/v2\/posts\/735","targetHints":{"allow":["GET"]}}],"collection":[{"href":"https:\/\/agora.xtec.cat\/escfonollosa\/wp-json\/wp\/v2\/posts"}],"about":[{"href":"https:\/\/agora.xtec.cat\/escfonollosa\/wp-json\/wp\/v2\/types\/post"}],"author":[{"embeddable":true,"href":"https:\/\/agora.xtec.cat\/escfonollosa\/wp-json\/wp\/v2\/users\/4"}],"replies":[{"embeddable":true,"href":"https:\/\/agora.xtec.cat\/escfonollosa\/wp-json\/wp\/v2\/comments?post=735"}],"version-history":[{"count":3,"href":"https:\/\/agora.xtec.cat\/escfonollosa\/wp-json\/wp\/v2\/posts\/735\/revisions"}],"predecessor-version":[{"id":741,"href":"https:\/\/agora.xtec.cat\/escfonollosa\/wp-json\/wp\/v2\/posts\/735\/revisions\/741"}],"wp:featuredmedia":[{"embeddable":true,"href":"https:\/\/agora.xtec.cat\/escfonollosa\/wp-json\/wp\/v2\/media\/740"}],"wp:attachment":[{"href":"https:\/\/agora.xtec.cat\/escfonollosa\/wp-json\/wp\/v2\/media?parent=735"}],"wp:term":[{"taxonomy":"category","embeddable":true,"href":"https:\/\/agora.xtec.cat\/escfonollosa\/wp-json\/wp\/v2\/categories?post=735"},{"taxonomy":"post_tag","embeddable":true,"href":"https:\/\/agora.xtec.cat\/escfonollosa\/wp-json\/wp\/v2\/tags?post=735"}],"curies":[{"name":"wp","href":"https:\/\/api.w.org\/{rel}","templated":true}]}}