{"id":719,"date":"2019-03-06T10:06:40","date_gmt":"2019-03-06T09:06:40","guid":{"rendered":"http:\/\/agora.xtec.cat\/escfonollosa\/?p=719"},"modified":"2019-03-06T10:06:40","modified_gmt":"2019-03-06T09:06:40","slug":"concert-de-lorquestra-de-lescola-a-sant-joan","status":"publish","type":"post","link":"https:\/\/agora.xtec.cat\/escfonollosa\/general\/concert-de-lorquestra-de-lescola-a-sant-joan\/","title":{"rendered":"Concert de l&#8217;Orquestra de l&#8217;escola a Sant Joan"},"content":{"rendered":"<p style=\"text-align: justify;\">El vespre del passat dilluns 18 de febrer, l&#8217;Orquestra de l&#8217;Escola de Fonollosa conjuntament amb l&#8217;orquestra de l&#8217;escola de m\u00fasica de Sant Joan van fer un concert a les instal\u00b7lacions d&#8217;aquesta escola. Va ser una vetllada molt bonica i profitosa per part de tots els participants. Tothom va coincidir que cal repetir l&#8217;experi\u00e8ncia i que, si \u00e9s possible, augmentar i refor\u00e7ar els lligams entre la nostra escola i l&#8217;Escola de M\u00fasica de Sant Joan. Per tal que us pugueu fer una idea del concert, aqu\u00ed teniu un petit v\u00eddeo com a mostra del concert.<\/p>\n<p>\u00a0<iframe loading=\"lazy\" src=\"https:\/\/www.youtube.com\/embed\/2djgvNANI60\" width=\"560\" height=\"315\" frameborder=\"0\" allowfullscreen=\"allowfullscreen\"><\/iframe><\/p>\n","protected":false},"excerpt":{"rendered":"<p>El vespre del passat dilluns 18 de febrer, l&#8217;Orquestra de l&#8217;Escola de Fonollosa conjuntament amb l&#8217;orquestra de l&#8217;escola de m\u00fasica de Sant Joan van fer un concert a les instal\u00b7lacions d&#8217;aquesta escola. Va ser una vetllada molt bonica i profitosa per part de tots els&hellip;  <a href=\"https:\/\/agora.xtec.cat\/escfonollosa\/general\/concert-de-lorquestra-de-lescola-a-sant-joan\/\" title=\"Read Concert de l&#8217;Orquestra de l&#8217;escola a Sant Joan\">Llegeix m\u00e9s\u00bb<\/a><\/p>\n","protected":false},"author":4,"featured_media":722,"comment_status":"closed","ping_status":"closed","sticky":false,"template":"","format":"standard","meta":{"_bbp_topic_count":0,"_bbp_reply_count":0,"_bbp_total_topic_count":0,"_bbp_total_reply_count":0,"_bbp_voice_count":0,"_bbp_anonymous_reply_count":0,"_bbp_topic_count_hidden":0,"_bbp_reply_count_hidden":0,"_bbp_forum_subforum_count":0,"footnotes":""},"categories":[1,4],"tags":[74,62,67],"class_list":["post-719","post","type-post","status-publish","format-standard","has-post-thumbnail","hentry","category-general","category-portada","tag-concert","tag-curs-2018-2019","tag-musica"],"post_mailing_queue_ids":[],"_links":{"self":[{"href":"https:\/\/agora.xtec.cat\/escfonollosa\/wp-json\/wp\/v2\/posts\/719","targetHints":{"allow":["GET"]}}],"collection":[{"href":"https:\/\/agora.xtec.cat\/escfonollosa\/wp-json\/wp\/v2\/posts"}],"about":[{"href":"https:\/\/agora.xtec.cat\/escfonollosa\/wp-json\/wp\/v2\/types\/post"}],"author":[{"embeddable":true,"href":"https:\/\/agora.xtec.cat\/escfonollosa\/wp-json\/wp\/v2\/users\/4"}],"replies":[{"embeddable":true,"href":"https:\/\/agora.xtec.cat\/escfonollosa\/wp-json\/wp\/v2\/comments?post=719"}],"version-history":[{"count":2,"href":"https:\/\/agora.xtec.cat\/escfonollosa\/wp-json\/wp\/v2\/posts\/719\/revisions"}],"predecessor-version":[{"id":721,"href":"https:\/\/agora.xtec.cat\/escfonollosa\/wp-json\/wp\/v2\/posts\/719\/revisions\/721"}],"wp:featuredmedia":[{"embeddable":true,"href":"https:\/\/agora.xtec.cat\/escfonollosa\/wp-json\/wp\/v2\/media\/722"}],"wp:attachment":[{"href":"https:\/\/agora.xtec.cat\/escfonollosa\/wp-json\/wp\/v2\/media?parent=719"}],"wp:term":[{"taxonomy":"category","embeddable":true,"href":"https:\/\/agora.xtec.cat\/escfonollosa\/wp-json\/wp\/v2\/categories?post=719"},{"taxonomy":"post_tag","embeddable":true,"href":"https:\/\/agora.xtec.cat\/escfonollosa\/wp-json\/wp\/v2\/tags?post=719"}],"curies":[{"name":"wp","href":"https:\/\/api.w.org\/{rel}","templated":true}]}}