{"id":701,"date":"2019-02-06T10:07:25","date_gmt":"2019-02-06T09:07:25","guid":{"rendered":"http:\/\/agora.xtec.cat\/escfonollosa\/?p=701"},"modified":"2019-02-06T10:21:30","modified_gmt":"2019-02-06T09:21:30","slug":"concert-a-la-plana-de-lom","status":"publish","type":"post","link":"https:\/\/agora.xtec.cat\/escfonollosa\/general\/concert-a-la-plana-de-lom\/","title":{"rendered":"CONCERT A LA PLANA DE L&#8217;OM"},"content":{"rendered":"<p style=\"text-align: justify;\">El diumenge 17 de febrer a les 12 del migdia hi haur\u00e0 un concert a l&#8217;espai Plana de l&#8217;Om Auditori del Conjunt Quartet Atenea, a les 12 del migdia. Ser\u00e0 un concert que durar\u00e0 45 minuts on s&#8217;hi interpretar\u00e0 m\u00fasica cl\u00e0ssica alemanya i impressionista francesa.<\/p>\n<p style=\"text-align: justify;\">Aquest \u00e9s un quartet format per dos violins (Andrea Santiago i Gil Sisquella) una viola (Bernat Santacana) i un violoncel (\u00c0lex Olmedo). Es dona la feli\u00e7 circumst\u00e0ncia que el Gil Sisquella \u00e9s ex-alumne de la nostra escola i ell va descobrir i va fer els primers passos de viol\u00ed a l&#8217;escola de Fonollosa. La seva mestra va ser l&#8217;Anna Clarena, mestra actual de viol\u00ed de l&#8217;escola de Fonollosa. Malgrat la seva joventut, el Gil ja t\u00e9 una ferma carrera musical amb molt bona projecci\u00f3 de futur.<\/p>\n<p style=\"text-align: justify;\">Si us sedueix la idea de passar una bona estona de m\u00fasica, no us ho podeu perdre. Per m\u00e9s informaci\u00f3 o per comprar entrades, cliqueu <a href=\"https:\/\/www.kursaal.cat\/programacio\/acte\/quartet-atenea\">AQU\u00cd<\/a>.<\/p>\n","protected":false},"excerpt":{"rendered":"<p>El diumenge 17 de febrer a les 12 del migdia hi haur\u00e0 un concert a l&#8217;espai Plana de l&#8217;Om Auditori del Conjunt Quartet Atenea, a les 12 del migdia. Ser\u00e0 un concert que durar\u00e0 45 minuts on s&#8217;hi interpretar\u00e0 m\u00fasica cl\u00e0ssica alemanya i impressionista francesa.<br \/>\nAquest&hellip;  <a href=\"https:\/\/agora.xtec.cat\/escfonollosa\/general\/concert-a-la-plana-de-lom\/\" title=\"Read CONCERT A LA PLANA DE L&#8217;OM\">Llegeix m\u00e9s\u00bb<\/a><\/p>\n","protected":false},"author":4,"featured_media":0,"comment_status":"closed","ping_status":"closed","sticky":false,"template":"","format":"standard","meta":{"_bbp_topic_count":0,"_bbp_reply_count":0,"_bbp_total_topic_count":0,"_bbp_total_reply_count":0,"_bbp_voice_count":0,"_bbp_anonymous_reply_count":0,"_bbp_topic_count_hidden":0,"_bbp_reply_count_hidden":0,"_bbp_forum_subforum_count":0,"footnotes":""},"categories":[1,4],"tags":[74,62,67],"class_list":["post-701","post","type-post","status-publish","format-standard","hentry","category-general","category-portada","tag-concert","tag-curs-2018-2019","tag-musica"],"post_mailing_queue_ids":[],"_links":{"self":[{"href":"https:\/\/agora.xtec.cat\/escfonollosa\/wp-json\/wp\/v2\/posts\/701","targetHints":{"allow":["GET"]}}],"collection":[{"href":"https:\/\/agora.xtec.cat\/escfonollosa\/wp-json\/wp\/v2\/posts"}],"about":[{"href":"https:\/\/agora.xtec.cat\/escfonollosa\/wp-json\/wp\/v2\/types\/post"}],"author":[{"embeddable":true,"href":"https:\/\/agora.xtec.cat\/escfonollosa\/wp-json\/wp\/v2\/users\/4"}],"replies":[{"embeddable":true,"href":"https:\/\/agora.xtec.cat\/escfonollosa\/wp-json\/wp\/v2\/comments?post=701"}],"version-history":[{"count":1,"href":"https:\/\/agora.xtec.cat\/escfonollosa\/wp-json\/wp\/v2\/posts\/701\/revisions"}],"predecessor-version":[{"id":702,"href":"https:\/\/agora.xtec.cat\/escfonollosa\/wp-json\/wp\/v2\/posts\/701\/revisions\/702"}],"wp:attachment":[{"href":"https:\/\/agora.xtec.cat\/escfonollosa\/wp-json\/wp\/v2\/media?parent=701"}],"wp:term":[{"taxonomy":"category","embeddable":true,"href":"https:\/\/agora.xtec.cat\/escfonollosa\/wp-json\/wp\/v2\/categories?post=701"},{"taxonomy":"post_tag","embeddable":true,"href":"https:\/\/agora.xtec.cat\/escfonollosa\/wp-json\/wp\/v2\/tags?post=701"}],"curies":[{"name":"wp","href":"https:\/\/api.w.org\/{rel}","templated":true}]}}