{"id":662,"date":"2018-12-18T11:18:08","date_gmt":"2018-12-18T10:18:08","guid":{"rendered":"http:\/\/agora.xtec.cat\/escfonollosa\/?p=662"},"modified":"2018-12-18T11:18:08","modified_gmt":"2018-12-18T10:18:08","slug":"pastorets-2018","status":"publish","type":"post","link":"https:\/\/agora.xtec.cat\/escfonollosa\/general\/pastorets-2018\/","title":{"rendered":"PASTORETS 2018"},"content":{"rendered":"<p>El dijous dia 20 a les 6 de la tarda hi haur\u00e0 la representaci\u00f3 dels Pastorets a c\u00e0rrec dels nens i nenes de Cicle Mitj\u00e0 de l&#8217;escola. \u00c9s una representaci\u00f3 oberta a tothom!<a href=\"https:\/\/agora.xtec.cat\/escfonollosa\/wp-content\/uploads\/usu1840\/2018\/12\/cartell-pastorets-2018.jpg\"><img loading=\"lazy\" decoding=\"async\" class=\"aligncenter size-large wp-image-663\" src=\"https:\/\/agora.xtec.cat\/escfonollosa\/wp-content\/uploads\/usu1840\/2018\/12\/cartell-pastorets-2018-716x1024.jpg\" alt=\"\" width=\"716\" height=\"1024\" srcset=\"https:\/\/agora.xtec.cat\/escfonollosa\/wp-content\/uploads\/usu1840\/2018\/12\/cartell-pastorets-2018-716x1024.jpg 716w, https:\/\/agora.xtec.cat\/escfonollosa\/wp-content\/uploads\/usu1840\/2018\/12\/cartell-pastorets-2018-210x300.jpg 210w, https:\/\/agora.xtec.cat\/escfonollosa\/wp-content\/uploads\/usu1840\/2018\/12\/cartell-pastorets-2018-768x1098.jpg 768w\" sizes=\"auto, (max-width: 716px) 100vw, 716px\" \/><\/a><\/p>\n","protected":false},"excerpt":{"rendered":"<p>El dijous dia 20 a les 6 de la tarda hi haur\u00e0 la representaci\u00f3 dels Pastorets a c\u00e0rrec dels nens i nenes de Cicle Mitj\u00e0 de l&#8217;escola. \u00c9s una representaci\u00f3 oberta a tothom!<a href=\"https:\/\/agora.xtec.cat\/escfonollosa\/wp-content\/uploads\/usu1840\/2018\/12\/cartell-pastorets-2018.jpg\"><\/a><\/p>\n","protected":false},"author":4,"featured_media":0,"comment_status":"closed","ping_status":"closed","sticky":false,"template":"","format":"standard","meta":{"_bbp_topic_count":0,"_bbp_reply_count":0,"_bbp_total_topic_count":0,"_bbp_total_reply_count":0,"_bbp_voice_count":0,"_bbp_anonymous_reply_count":0,"_bbp_topic_count_hidden":0,"_bbp_reply_count_hidden":0,"_bbp_forum_subforum_count":0,"footnotes":""},"categories":[60,1,4],"tags":[65,62,73,71],"class_list":["post-662","post","type-post","status-publish","format-standard","hentry","category-cm","category-general","category-portada","tag-cicle-mitja","tag-curs-2018-2019","tag-nadal","tag-teatre"],"post_mailing_queue_ids":[],"_links":{"self":[{"href":"https:\/\/agora.xtec.cat\/escfonollosa\/wp-json\/wp\/v2\/posts\/662","targetHints":{"allow":["GET"]}}],"collection":[{"href":"https:\/\/agora.xtec.cat\/escfonollosa\/wp-json\/wp\/v2\/posts"}],"about":[{"href":"https:\/\/agora.xtec.cat\/escfonollosa\/wp-json\/wp\/v2\/types\/post"}],"author":[{"embeddable":true,"href":"https:\/\/agora.xtec.cat\/escfonollosa\/wp-json\/wp\/v2\/users\/4"}],"replies":[{"embeddable":true,"href":"https:\/\/agora.xtec.cat\/escfonollosa\/wp-json\/wp\/v2\/comments?post=662"}],"version-history":[{"count":1,"href":"https:\/\/agora.xtec.cat\/escfonollosa\/wp-json\/wp\/v2\/posts\/662\/revisions"}],"predecessor-version":[{"id":664,"href":"https:\/\/agora.xtec.cat\/escfonollosa\/wp-json\/wp\/v2\/posts\/662\/revisions\/664"}],"wp:attachment":[{"href":"https:\/\/agora.xtec.cat\/escfonollosa\/wp-json\/wp\/v2\/media?parent=662"}],"wp:term":[{"taxonomy":"category","embeddable":true,"href":"https:\/\/agora.xtec.cat\/escfonollosa\/wp-json\/wp\/v2\/categories?post=662"},{"taxonomy":"post_tag","embeddable":true,"href":"https:\/\/agora.xtec.cat\/escfonollosa\/wp-json\/wp\/v2\/tags?post=662"}],"curies":[{"name":"wp","href":"https:\/\/api.w.org\/{rel}","templated":true}]}}