{"id":648,"date":"2018-12-09T22:09:13","date_gmt":"2018-12-09T21:09:13","guid":{"rendered":"http:\/\/agora.xtec.cat\/escfonollosa\/?p=648"},"modified":"2018-12-09T22:09:13","modified_gmt":"2018-12-09T21:09:13","slug":"visita-a-lexposicio-de-jaume-plensa-al-macba","status":"publish","type":"post","link":"https:\/\/agora.xtec.cat\/escfonollosa\/general\/visita-a-lexposicio-de-jaume-plensa-al-macba\/","title":{"rendered":"VISITA A L&#8217;EXPOSICI\u00d3 DE JAUME PLENSA AL MACBA"},"content":{"rendered":"<p style=\"text-align: justify;\">Aquesta setmana visitarem l&#8217;exposici\u00f3 de Jaume Plensa al MACBA, a Barcelona. Com ja deveu saber, \u00e9s l&#8217;autor art\u00edstic que treballem durant aquest curs. Aquest escultor catal\u00e0 internacionalment reconegut i molt cotitzat exposa a casa nostra despr\u00e9s de 20 anys. No dubteu a parlar-ne amb els vostres fills i filles un cop l&#8217;hagin visitat i, si en teniu ocasi\u00f3, no desestimeu la possibilitat de visitar-la, que \u00e9s al MACBA el 22 d&#8217;abril. Si cliqueu <em><strong><a href=\"https:\/\/www.macba.cat\/ca\/expo-jaume-plensa\/1\/exposicions\/expo\">AQU\u00cd<\/a><\/strong><\/em>\u00a0en podreu fer un petit tast del que hi trobareu.\u00a0<a href=\"https:\/\/agora.xtec.cat\/escfonollosa\/wp-content\/uploads\/usu1840\/2018\/12\/Jaume-Plensa.jpg\"><img loading=\"lazy\" decoding=\"async\" class=\"wp-image-649 aligncenter\" src=\"https:\/\/agora.xtec.cat\/escfonollosa\/wp-content\/uploads\/usu1840\/2018\/12\/Jaume-Plensa-1024x819.jpg\" alt=\"\" width=\"627\" height=\"501\" srcset=\"https:\/\/agora.xtec.cat\/escfonollosa\/wp-content\/uploads\/usu1840\/2018\/12\/Jaume-Plensa-1024x819.jpg 1024w, https:\/\/agora.xtec.cat\/escfonollosa\/wp-content\/uploads\/usu1840\/2018\/12\/Jaume-Plensa-300x240.jpg 300w, https:\/\/agora.xtec.cat\/escfonollosa\/wp-content\/uploads\/usu1840\/2018\/12\/Jaume-Plensa-768x614.jpg 768w, https:\/\/agora.xtec.cat\/escfonollosa\/wp-content\/uploads\/usu1840\/2018\/12\/Jaume-Plensa.jpg 1600w\" sizes=\"auto, (max-width: 627px) 100vw, 627px\" \/><\/a><\/p>\n","protected":false},"excerpt":{"rendered":"<p>Aquesta setmana visitarem l&#8217;exposici\u00f3 de Jaume Plensa al MACBA, a Barcelona. Com ja deveu saber, \u00e9s l&#8217;autor art\u00edstic que treballem durant aquest curs. Aquest escultor catal\u00e0 internacionalment reconegut i molt cotitzat exposa a casa nostra despr\u00e9s de 20 anys. No dubteu a parlar-ne amb els&hellip;  <a href=\"https:\/\/agora.xtec.cat\/escfonollosa\/general\/visita-a-lexposicio-de-jaume-plensa-al-macba\/\" title=\"Read VISITA A L&#8217;EXPOSICI\u00d3 DE JAUME PLENSA AL MACBA\">Llegeix m\u00e9s\u00bb<\/a><\/p>\n","protected":false},"author":4,"featured_media":0,"comment_status":"closed","ping_status":"closed","sticky":false,"template":"","format":"standard","meta":{"_bbp_topic_count":0,"_bbp_reply_count":0,"_bbp_total_topic_count":0,"_bbp_total_reply_count":0,"_bbp_voice_count":0,"_bbp_anonymous_reply_count":0,"_bbp_topic_count_hidden":0,"_bbp_reply_count_hidden":0,"_bbp_forum_subforum_count":0,"footnotes":""},"categories":[1,4],"tags":[64,65,66,62,63,17],"class_list":["post-648","post","type-post","status-publish","format-standard","hentry","category-general","category-portada","tag-cicle-inicial","tag-cicle-mitja","tag-cicle-superior","tag-curs-2018-2019","tag-educacio-infantil","tag-plastica"],"post_mailing_queue_ids":[],"_links":{"self":[{"href":"https:\/\/agora.xtec.cat\/escfonollosa\/wp-json\/wp\/v2\/posts\/648","targetHints":{"allow":["GET"]}}],"collection":[{"href":"https:\/\/agora.xtec.cat\/escfonollosa\/wp-json\/wp\/v2\/posts"}],"about":[{"href":"https:\/\/agora.xtec.cat\/escfonollosa\/wp-json\/wp\/v2\/types\/post"}],"author":[{"embeddable":true,"href":"https:\/\/agora.xtec.cat\/escfonollosa\/wp-json\/wp\/v2\/users\/4"}],"replies":[{"embeddable":true,"href":"https:\/\/agora.xtec.cat\/escfonollosa\/wp-json\/wp\/v2\/comments?post=648"}],"version-history":[{"count":2,"href":"https:\/\/agora.xtec.cat\/escfonollosa\/wp-json\/wp\/v2\/posts\/648\/revisions"}],"predecessor-version":[{"id":651,"href":"https:\/\/agora.xtec.cat\/escfonollosa\/wp-json\/wp\/v2\/posts\/648\/revisions\/651"}],"wp:attachment":[{"href":"https:\/\/agora.xtec.cat\/escfonollosa\/wp-json\/wp\/v2\/media?parent=648"}],"wp:term":[{"taxonomy":"category","embeddable":true,"href":"https:\/\/agora.xtec.cat\/escfonollosa\/wp-json\/wp\/v2\/categories?post=648"},{"taxonomy":"post_tag","embeddable":true,"href":"https:\/\/agora.xtec.cat\/escfonollosa\/wp-json\/wp\/v2\/tags?post=648"}],"curies":[{"name":"wp","href":"https:\/\/api.w.org\/{rel}","templated":true}]}}