{"id":2891,"date":"2026-04-08T10:34:56","date_gmt":"2026-04-08T08:34:56","guid":{"rendered":"https:\/\/agora.xtec.cat\/escfonollosa\/?p=2891"},"modified":"2026-04-08T10:47:45","modified_gmt":"2026-04-08T08:47:45","slug":"inauguracio-de-la-reforma-i-ampliacio-de-lescola","status":"publish","type":"post","link":"https:\/\/agora.xtec.cat\/escfonollosa\/general\/inauguracio-de-la-reforma-i-ampliacio-de-lescola\/","title":{"rendered":"INAUGURACI\u00d3 DE LA REFORMA I AMPLIACI\u00d3 DE L&#8217;ESCOLA"},"content":{"rendered":"<p>El proper diumenge 12 d&#8217;abril tindr\u00e0 lloc l&#8217;acte d&#8217;inauguraci\u00f3 de les obres de reforma i ampliaci\u00f3 de l&#8217;Escola Agrupaci\u00f3 Sant Jordi de Fonollosa a 2\/4 d&#8217;1 del migdia al recinte escolar. Us hi esperem!<\/p>\n<p><a href=\"https:\/\/agora.xtec.cat\/escfonollosa\/wp-content\/uploads\/usu1840\/2026\/04\/Captura-de-pantalla-2026-04-08-101248.png\">\u00a0 \u00a0 \u00a0 <img loading=\"lazy\" decoding=\"async\" class=\"alignnone wp-image-2896\" src=\"https:\/\/agora.xtec.cat\/escfonollosa\/wp-content\/uploads\/usu1840\/2026\/04\/Captura-de-pantalla-2026-04-08-101248.png\" alt=\"\" width=\"309\" height=\"426\" srcset=\"https:\/\/agora.xtec.cat\/escfonollosa\/wp-content\/uploads\/usu1840\/2026\/04\/Captura-de-pantalla-2026-04-08-101248.png 372w, https:\/\/agora.xtec.cat\/escfonollosa\/wp-content\/uploads\/usu1840\/2026\/04\/Captura-de-pantalla-2026-04-08-101248-218x300.png 218w\" sizes=\"auto, (max-width: 309px) 100vw, 309px\" \/><\/a><a href=\"https:\/\/agora.xtec.cat\/escfonollosa\/wp-content\/uploads\/usu1840\/2026\/04\/Captura-de-pantalla-2026-04-08-101416.png\"><img loading=\"lazy\" decoding=\"async\" class=\"alignnone wp-image-2897\" src=\"https:\/\/agora.xtec.cat\/escfonollosa\/wp-content\/uploads\/usu1840\/2026\/04\/Captura-de-pantalla-2026-04-08-101416.png\" alt=\"\" width=\"590\" height=\"425\" srcset=\"https:\/\/agora.xtec.cat\/escfonollosa\/wp-content\/uploads\/usu1840\/2026\/04\/Captura-de-pantalla-2026-04-08-101416.png 373w, https:\/\/agora.xtec.cat\/escfonollosa\/wp-content\/uploads\/usu1840\/2026\/04\/Captura-de-pantalla-2026-04-08-101416-300x216.png 300w\" sizes=\"auto, (max-width: 590px) 100vw, 590px\" \/><\/a><\/p>\n","protected":false},"excerpt":{"rendered":"<p>El proper diumenge 12 d&#8217;abril tindr\u00e0 lloc l&#8217;acte d&#8217;inauguraci\u00f3 de les obres de reforma i ampliaci\u00f3 de l&#8217;Escola Agrupaci\u00f3 Sant Jordi de Fonollosa a 2\/4 d&#8217;1 del migdia al recinte escolar. Us hi esperem!<br \/>\n<a href=\"https:\/\/agora.xtec.cat\/escfonollosa\/wp-content\/uploads\/usu1840\/2026\/04\/Captura-de-pantalla-2026-04-08-101248.png\">\u00a0 \u00a0 \u00a0 <\/a><a href=\"https:\/\/agora.xtec.cat\/escfonollosa\/wp-content\/uploads\/usu1840\/2026\/04\/Captura-de-pantalla-2026-04-08-101416.png\"><\/a><\/p>\n","protected":false},"author":1,"featured_media":0,"comment_status":"open","ping_status":"open","sticky":false,"template":"","format":"standard","meta":{"_bbp_topic_count":0,"_bbp_reply_count":0,"_bbp_total_topic_count":0,"_bbp_total_reply_count":0,"_bbp_voice_count":0,"_bbp_anonymous_reply_count":0,"_bbp_topic_count_hidden":0,"_bbp_reply_count_hidden":0,"_bbp_forum_subforum_count":0,"footnotes":""},"categories":[1,4],"tags":[],"class_list":["post-2891","post","type-post","status-publish","format-standard","hentry","category-general","category-portada"],"post_mailing_queue_ids":[],"_links":{"self":[{"href":"https:\/\/agora.xtec.cat\/escfonollosa\/wp-json\/wp\/v2\/posts\/2891","targetHints":{"allow":["GET"]}}],"collection":[{"href":"https:\/\/agora.xtec.cat\/escfonollosa\/wp-json\/wp\/v2\/posts"}],"about":[{"href":"https:\/\/agora.xtec.cat\/escfonollosa\/wp-json\/wp\/v2\/types\/post"}],"author":[{"embeddable":true,"href":"https:\/\/agora.xtec.cat\/escfonollosa\/wp-json\/wp\/v2\/users\/1"}],"replies":[{"embeddable":true,"href":"https:\/\/agora.xtec.cat\/escfonollosa\/wp-json\/wp\/v2\/comments?post=2891"}],"version-history":[{"count":6,"href":"https:\/\/agora.xtec.cat\/escfonollosa\/wp-json\/wp\/v2\/posts\/2891\/revisions"}],"predecessor-version":[{"id":2900,"href":"https:\/\/agora.xtec.cat\/escfonollosa\/wp-json\/wp\/v2\/posts\/2891\/revisions\/2900"}],"wp:attachment":[{"href":"https:\/\/agora.xtec.cat\/escfonollosa\/wp-json\/wp\/v2\/media?parent=2891"}],"wp:term":[{"taxonomy":"category","embeddable":true,"href":"https:\/\/agora.xtec.cat\/escfonollosa\/wp-json\/wp\/v2\/categories?post=2891"},{"taxonomy":"post_tag","embeddable":true,"href":"https:\/\/agora.xtec.cat\/escfonollosa\/wp-json\/wp\/v2\/tags?post=2891"}],"curies":[{"name":"wp","href":"https:\/\/api.w.org\/{rel}","templated":true}]}}