{"id":2800,"date":"2025-02-26T15:07:38","date_gmt":"2025-02-26T14:07:38","guid":{"rendered":"https:\/\/agora.xtec.cat\/escfonollosa\/?p=2800"},"modified":"2025-03-10T09:58:57","modified_gmt":"2025-03-10T08:58:57","slug":"jornada-de-portes-obertes-2","status":"publish","type":"post","link":"https:\/\/agora.xtec.cat\/escfonollosa\/general\/jornada-de-portes-obertes-2\/","title":{"rendered":"JORNADA DE PORTES OBERTES"},"content":{"rendered":"<p>Us informem que el proper <strong>dimarts 4 de mar\u00e7 a les 17:15h<\/strong> hi haur\u00e0 la jornada de portes obertes, amb una primera part de visita a les instal\u00b7lacions del centre i una segona de presentaci\u00f3 del projecte d&#8217;escola. \u00c9s una jornada adre\u00e7ada a adults.<\/p>\n<p><a href=\"https:\/\/agora.xtec.cat\/escfonollosa\/wp-content\/uploads\/usu1840\/2025\/02\/PORTES-OBERTES_2025.pdf\">PORTES OBERTES_2025 (enlla\u00e7 a la presentaci\u00f3 de diapositives)<\/a><\/p>\n","protected":false},"excerpt":{"rendered":"<p>Us informem que el proper dimarts 4 de mar\u00e7 a les 17:15h hi haur\u00e0 la jornada de portes obertes, amb una primera part de visita a les instal\u00b7lacions del centre i una segona de presentaci\u00f3 del projecte d&#8217;escola. \u00c9s una jornada adre\u00e7ada a adults.<br \/>\n<a href=\"https:\/\/agora.xtec.cat\/escfonollosa\/wp-content\/uploads\/usu1840\/2025\/02\/PORTES-OBERTES_2025.pdf\">PORTES&hellip;  <a href=\"https:\/\/agora.xtec.cat\/escfonollosa\/general\/jornada-de-portes-obertes-2\/\" title=\"Read JORNADA DE PORTES OBERTES\">Llegeix m\u00e9s\u00bb<\/a><\/p>\n","protected":false},"author":6,"featured_media":0,"comment_status":"open","ping_status":"closed","sticky":false,"template":"","format":"standard","meta":{"_bbp_topic_count":0,"_bbp_reply_count":0,"_bbp_total_topic_count":0,"_bbp_total_reply_count":0,"_bbp_voice_count":0,"_bbp_anonymous_reply_count":0,"_bbp_topic_count_hidden":0,"_bbp_reply_count_hidden":0,"_bbp_forum_subforum_count":0,"footnotes":""},"categories":[1,4],"tags":[],"class_list":["post-2800","post","type-post","status-publish","format-standard","hentry","category-general","category-portada"],"post_mailing_queue_ids":[],"_links":{"self":[{"href":"https:\/\/agora.xtec.cat\/escfonollosa\/wp-json\/wp\/v2\/posts\/2800","targetHints":{"allow":["GET"]}}],"collection":[{"href":"https:\/\/agora.xtec.cat\/escfonollosa\/wp-json\/wp\/v2\/posts"}],"about":[{"href":"https:\/\/agora.xtec.cat\/escfonollosa\/wp-json\/wp\/v2\/types\/post"}],"author":[{"embeddable":true,"href":"https:\/\/agora.xtec.cat\/escfonollosa\/wp-json\/wp\/v2\/users\/6"}],"replies":[{"embeddable":true,"href":"https:\/\/agora.xtec.cat\/escfonollosa\/wp-json\/wp\/v2\/comments?post=2800"}],"version-history":[{"count":3,"href":"https:\/\/agora.xtec.cat\/escfonollosa\/wp-json\/wp\/v2\/posts\/2800\/revisions"}],"predecessor-version":[{"id":2804,"href":"https:\/\/agora.xtec.cat\/escfonollosa\/wp-json\/wp\/v2\/posts\/2800\/revisions\/2804"}],"wp:attachment":[{"href":"https:\/\/agora.xtec.cat\/escfonollosa\/wp-json\/wp\/v2\/media?parent=2800"}],"wp:term":[{"taxonomy":"category","embeddable":true,"href":"https:\/\/agora.xtec.cat\/escfonollosa\/wp-json\/wp\/v2\/categories?post=2800"},{"taxonomy":"post_tag","embeddable":true,"href":"https:\/\/agora.xtec.cat\/escfonollosa\/wp-json\/wp\/v2\/tags?post=2800"}],"curies":[{"name":"wp","href":"https:\/\/api.w.org\/{rel}","templated":true}]}}