{"id":2396,"date":"2023-02-07T10:02:19","date_gmt":"2023-02-07T09:02:19","guid":{"rendered":"https:\/\/agora.xtec.cat\/escfonollosa\/?p=2396"},"modified":"2023-02-08T16:08:40","modified_gmt":"2023-02-08T15:08:40","slug":"jornada-de-portes-obertes","status":"publish","type":"post","link":"https:\/\/agora.xtec.cat\/escfonollosa\/general\/jornada-de-portes-obertes\/","title":{"rendered":"JORNADA DE PORTES OBERTES"},"content":{"rendered":"<p style=\"text-align: justify;\">S&#8217;acosta el per\u00edode de preinscripcions i, per a totes aquelles fam\u00edlies que ho desitgin, farem una trobada el <strong>divendres 24 de febrer a les 17:15<\/strong> a l&#8217;escola per donar a con\u00e8ixer el nostre projecte educatiu, atendre q\u00fcestions i neguits, a m\u00e9s a m\u00e9s de con\u00e8ixer les instal\u00b7lacions.<\/p>\n<p><a href=\"https:\/\/agora.xtec.cat\/escfonollosa\/wp-content\/uploads\/usu1840\/2023\/02\/20211025-exposicio-escola-publica.jpg\"><img loading=\"lazy\" decoding=\"async\" class=\"aligncenter wp-image-2397\" src=\"https:\/\/agora.xtec.cat\/escfonollosa\/wp-content\/uploads\/usu1840\/2023\/02\/20211025-exposicio-escola-publica.jpg\" alt=\"\" width=\"293\" height=\"161\" srcset=\"https:\/\/agora.xtec.cat\/escfonollosa\/wp-content\/uploads\/usu1840\/2023\/02\/20211025-exposicio-escola-publica.jpg 750w, https:\/\/agora.xtec.cat\/escfonollosa\/wp-content\/uploads\/usu1840\/2023\/02\/20211025-exposicio-escola-publica-300x165.jpg 300w\" sizes=\"auto, (max-width: 293px) 100vw, 293px\" \/><\/a><\/p>\n","protected":false},"excerpt":{"rendered":"<p>S&#8217;acosta el per\u00edode de preinscripcions i, per a totes aquelles fam\u00edlies que ho desitgin, farem una trobada el divendres 24 de febrer a les 17:15 a l&#8217;escola per donar a con\u00e8ixer el nostre projecte educatiu, atendre q\u00fcestions i neguits, a m\u00e9s a m\u00e9s de con\u00e8ixer&hellip;  <a href=\"https:\/\/agora.xtec.cat\/escfonollosa\/general\/jornada-de-portes-obertes\/\" title=\"Read JORNADA DE PORTES OBERTES\">Llegeix m\u00e9s\u00bb<\/a><\/p>\n","protected":false},"author":4,"featured_media":0,"comment_status":"closed","ping_status":"closed","sticky":false,"template":"","format":"standard","meta":{"_bbp_topic_count":0,"_bbp_reply_count":0,"_bbp_total_topic_count":0,"_bbp_total_reply_count":0,"_bbp_voice_count":0,"_bbp_anonymous_reply_count":0,"_bbp_topic_count_hidden":0,"_bbp_reply_count_hidden":0,"_bbp_forum_subforum_count":0,"footnotes":""},"categories":[1,4],"tags":[104,88],"class_list":["post-2396","post","type-post","status-publish","format-standard","hentry","category-general","category-portada","tag-curs-2022-2023","tag-preinscripcio"],"post_mailing_queue_ids":[],"_links":{"self":[{"href":"https:\/\/agora.xtec.cat\/escfonollosa\/wp-json\/wp\/v2\/posts\/2396","targetHints":{"allow":["GET"]}}],"collection":[{"href":"https:\/\/agora.xtec.cat\/escfonollosa\/wp-json\/wp\/v2\/posts"}],"about":[{"href":"https:\/\/agora.xtec.cat\/escfonollosa\/wp-json\/wp\/v2\/types\/post"}],"author":[{"embeddable":true,"href":"https:\/\/agora.xtec.cat\/escfonollosa\/wp-json\/wp\/v2\/users\/4"}],"replies":[{"embeddable":true,"href":"https:\/\/agora.xtec.cat\/escfonollosa\/wp-json\/wp\/v2\/comments?post=2396"}],"version-history":[{"count":2,"href":"https:\/\/agora.xtec.cat\/escfonollosa\/wp-json\/wp\/v2\/posts\/2396\/revisions"}],"predecessor-version":[{"id":2399,"href":"https:\/\/agora.xtec.cat\/escfonollosa\/wp-json\/wp\/v2\/posts\/2396\/revisions\/2399"}],"wp:attachment":[{"href":"https:\/\/agora.xtec.cat\/escfonollosa\/wp-json\/wp\/v2\/media?parent=2396"}],"wp:term":[{"taxonomy":"category","embeddable":true,"href":"https:\/\/agora.xtec.cat\/escfonollosa\/wp-json\/wp\/v2\/categories?post=2396"},{"taxonomy":"post_tag","embeddable":true,"href":"https:\/\/agora.xtec.cat\/escfonollosa\/wp-json\/wp\/v2\/tags?post=2396"}],"curies":[{"name":"wp","href":"https:\/\/api.w.org\/{rel}","templated":true}]}}