{"id":2311,"date":"2022-06-17T11:11:23","date_gmt":"2022-06-17T09:11:23","guid":{"rendered":"https:\/\/agora.xtec.cat\/escfonollosa\/?p=2311"},"modified":"2022-06-17T11:11:23","modified_gmt":"2022-06-17T09:11:23","slug":"ajuts-per-la-meva-escola","status":"publish","type":"post","link":"https:\/\/agora.xtec.cat\/escfonollosa\/general\/ajuts-per-la-meva-escola\/","title":{"rendered":"AJUTS &#8220;PER LA MEVA ESCOLA&#8221;"},"content":{"rendered":"<p>Us comuniquem que ja s&#8217;ha convocat els ajuts &#8220;Per la meva escola&#8221; dirigits a totes les fam\u00edlies de l&#8217;escola. Si voleu tramitar-los, aqu\u00ed us podeu descarregar els seg\u00fcents documents:<\/p>\n<ul>\n<li><a href=\"https:\/\/drive.google.com\/file\/d\/1ldOKgsyV0kO-sRMzpcwnhPG4cnLvh6_R\/view?usp=sharing\">BASES DE LA CONVOCAT\u00d2RIA<\/a>.<\/li>\n<li><a href=\"https:\/\/drive.google.com\/file\/d\/1ztT-yVWIbt0u-d_OGXTC5JboO9NAbZuR\/view?usp=sharing\">FULLET\u00d3 INFORMATIU AMB DATES, DOCUMENTACI\u00d3 NECESS\u00c0RIA I AJUTS<\/a>.<\/li>\n<li><a href=\"https:\/\/drive.google.com\/file\/d\/1c5tSb0yOmXaIeSY1eA2wuyIUUemxzxFm\/view?usp=sharing\">IMPR\u00c8S DE LA SOL\u00b7LICITUD<\/a>.<\/li>\n<\/ul>\n","protected":false},"excerpt":{"rendered":"<p>Us comuniquem que ja s&#8217;ha convocat els ajuts &#8220;Per la meva escola&#8221; dirigits a totes les fam\u00edlies de l&#8217;escola. Si voleu tramitar-los, aqu\u00ed us podeu descarregar els seg\u00fcents documents:<\/p>\n<ul>\n<li><a href=\"https:\/\/drive.google.com\/file\/d\/1ldOKgsyV0kO-sRMzpcwnhPG4cnLvh6_R\/view?usp=sharing\">BASES DE LA CONVOCAT\u00d2RIA<\/a>.<\/li>\n<li><a href=\"https:\/\/drive.google.com\/file\/d\/1ztT-yVWIbt0u-d_OGXTC5JboO9NAbZuR\/view?usp=sharing\">FULLET\u00d3 INFORMATIU AMB DATES, DOCUMENTACI\u00d3 NECESS\u00c0RIA I AJUTS<\/a>.<\/li>\n<li><a href=\"https:\/\/drive.google.com\/file\/d\/1c5tSb0yOmXaIeSY1eA2wuyIUUemxzxFm\/view?usp=sharing\">IMPR\u00c8S DE LA SOL\u00b7LICITUD<\/a>.<\/li>\n<\/ul>\n","protected":false},"author":4,"featured_media":0,"comment_status":"closed","ping_status":"closed","sticky":false,"template":"","format":"standard","meta":{"_bbp_topic_count":0,"_bbp_reply_count":0,"_bbp_total_topic_count":0,"_bbp_total_reply_count":0,"_bbp_voice_count":0,"_bbp_anonymous_reply_count":0,"_bbp_topic_count_hidden":0,"_bbp_reply_count_hidden":0,"_bbp_forum_subforum_count":0,"footnotes":""},"categories":[1,4],"tags":[95,97],"class_list":["post-2311","post","type-post","status-publish","format-standard","hentry","category-general","category-portada","tag-curs-2021-2022","tag-per-la-meva-escola"],"post_mailing_queue_ids":[],"_links":{"self":[{"href":"https:\/\/agora.xtec.cat\/escfonollosa\/wp-json\/wp\/v2\/posts\/2311","targetHints":{"allow":["GET"]}}],"collection":[{"href":"https:\/\/agora.xtec.cat\/escfonollosa\/wp-json\/wp\/v2\/posts"}],"about":[{"href":"https:\/\/agora.xtec.cat\/escfonollosa\/wp-json\/wp\/v2\/types\/post"}],"author":[{"embeddable":true,"href":"https:\/\/agora.xtec.cat\/escfonollosa\/wp-json\/wp\/v2\/users\/4"}],"replies":[{"embeddable":true,"href":"https:\/\/agora.xtec.cat\/escfonollosa\/wp-json\/wp\/v2\/comments?post=2311"}],"version-history":[{"count":1,"href":"https:\/\/agora.xtec.cat\/escfonollosa\/wp-json\/wp\/v2\/posts\/2311\/revisions"}],"predecessor-version":[{"id":2312,"href":"https:\/\/agora.xtec.cat\/escfonollosa\/wp-json\/wp\/v2\/posts\/2311\/revisions\/2312"}],"wp:attachment":[{"href":"https:\/\/agora.xtec.cat\/escfonollosa\/wp-json\/wp\/v2\/media?parent=2311"}],"wp:term":[{"taxonomy":"category","embeddable":true,"href":"https:\/\/agora.xtec.cat\/escfonollosa\/wp-json\/wp\/v2\/categories?post=2311"},{"taxonomy":"post_tag","embeddable":true,"href":"https:\/\/agora.xtec.cat\/escfonollosa\/wp-json\/wp\/v2\/tags?post=2311"}],"curies":[{"name":"wp","href":"https:\/\/api.w.org\/{rel}","templated":true}]}}