{"id":2264,"date":"2022-03-21T21:17:36","date_gmt":"2022-03-21T20:17:36","guid":{"rendered":"https:\/\/agora.xtec.cat\/escfonollosa\/?p=2264"},"modified":"2022-03-21T21:17:36","modified_gmt":"2022-03-21T20:17:36","slug":"1r-torneig-solidari-de-tennis-de-taula","status":"publish","type":"post","link":"https:\/\/agora.xtec.cat\/escfonollosa\/general\/1r-torneig-solidari-de-tennis-de-taula\/","title":{"rendered":"1r. TORNEIG SOLIDARI DE TENNIS DE TAULA"},"content":{"rendered":"<p>El diumenge 20 de mar\u00e7 es va celebrar el primer Torneig Solidari de Tennis de Taula a Canet de Fals. Organitzat per l&#8217;associaci\u00f3 Amics i Amigues de l&#8217;escola de Fonollosa, tota la recaptaci\u00f3 es destinar\u00e0 a finan\u00e7ar les beques convocades anualment des de l&#8217;escola destinades a fam\u00edlies m\u00e9s desafavorides. L&#8217;\u00e8xit de convocat\u00f2ria va ser notable i, tot i que tothom va poder jugar tant com va voler sense competir, si cliqueu <a href=\"https:\/\/drive.google.com\/file\/d\/1959tUKkqPCX8E2cpQYQ0-Fd42GrzXfIf\/view?usp=sharing\">AQU\u00cd<\/a> podreu veure les classificacions en l&#8217;apartat competitiu. Si voleu veure algunes fotos, cliqueu <a href=\"https:\/\/drive.google.com\/drive\/folders\/1lMmqnu8IKnajqWPHtt3DVjpGMQdXkgcX?usp=sharing\">AQU\u00cd<\/a>. Al v\u00eddeo d&#8217;aqu\u00ed sota, podreu copsar una mica l&#8217;ambient que hi va haver. Esperant la nova edici\u00f3, \u00e9s bo agrair l&#8217;acollida de Canet de Fals i les facilitats de l&#8217;Ajuntament de Fonollosa per poder celebrar aquest torneig.<\/p>\n<p><iframe loading=\"lazy\" src=\"\/\/www.youtube.com\/embed\/HqdN0DYSO5w\" width=\"560\" height=\"314\" allowfullscreen=\"allowfullscreen\"><\/iframe><\/p>\n","protected":false},"excerpt":{"rendered":"<p>El diumenge 20 de mar\u00e7 es va celebrar el primer Torneig Solidari de Tennis de Taula a Canet de Fals. Organitzat per l&#8217;associaci\u00f3 Amics i Amigues de l&#8217;escola de Fonollosa, tota la recaptaci\u00f3 es destinar\u00e0 a finan\u00e7ar les beques convocades anualment des de l&#8217;escola destinades&hellip;  <a href=\"https:\/\/agora.xtec.cat\/escfonollosa\/general\/1r-torneig-solidari-de-tennis-de-taula\/\" title=\"Read 1r. TORNEIG SOLIDARI DE TENNIS DE TAULA\">Llegeix m\u00e9s\u00bb<\/a><\/p>\n","protected":false},"author":4,"featured_media":2266,"comment_status":"closed","ping_status":"closed","sticky":false,"template":"","format":"standard","meta":{"_bbp_topic_count":0,"_bbp_reply_count":0,"_bbp_total_topic_count":0,"_bbp_total_reply_count":0,"_bbp_voice_count":0,"_bbp_anonymous_reply_count":0,"_bbp_topic_count_hidden":0,"_bbp_reply_count_hidden":0,"_bbp_forum_subforum_count":0,"footnotes":""},"categories":[1,4],"tags":[102,95,101],"class_list":["post-2264","post","type-post","status-publish","format-standard","has-post-thumbnail","hentry","category-general","category-portada","tag-amics-i-amigues","tag-curs-2021-2022","tag-tennis-de-taula"],"post_mailing_queue_ids":[],"_links":{"self":[{"href":"https:\/\/agora.xtec.cat\/escfonollosa\/wp-json\/wp\/v2\/posts\/2264","targetHints":{"allow":["GET"]}}],"collection":[{"href":"https:\/\/agora.xtec.cat\/escfonollosa\/wp-json\/wp\/v2\/posts"}],"about":[{"href":"https:\/\/agora.xtec.cat\/escfonollosa\/wp-json\/wp\/v2\/types\/post"}],"author":[{"embeddable":true,"href":"https:\/\/agora.xtec.cat\/escfonollosa\/wp-json\/wp\/v2\/users\/4"}],"replies":[{"embeddable":true,"href":"https:\/\/agora.xtec.cat\/escfonollosa\/wp-json\/wp\/v2\/comments?post=2264"}],"version-history":[{"count":1,"href":"https:\/\/agora.xtec.cat\/escfonollosa\/wp-json\/wp\/v2\/posts\/2264\/revisions"}],"predecessor-version":[{"id":2265,"href":"https:\/\/agora.xtec.cat\/escfonollosa\/wp-json\/wp\/v2\/posts\/2264\/revisions\/2265"}],"wp:featuredmedia":[{"embeddable":true,"href":"https:\/\/agora.xtec.cat\/escfonollosa\/wp-json\/wp\/v2\/media\/2266"}],"wp:attachment":[{"href":"https:\/\/agora.xtec.cat\/escfonollosa\/wp-json\/wp\/v2\/media?parent=2264"}],"wp:term":[{"taxonomy":"category","embeddable":true,"href":"https:\/\/agora.xtec.cat\/escfonollosa\/wp-json\/wp\/v2\/categories?post=2264"},{"taxonomy":"post_tag","embeddable":true,"href":"https:\/\/agora.xtec.cat\/escfonollosa\/wp-json\/wp\/v2\/tags?post=2264"}],"curies":[{"name":"wp","href":"https:\/\/api.w.org\/{rel}","templated":true}]}}