{"id":2140,"date":"2021-10-07T12:34:16","date_gmt":"2021-10-07T10:34:16","guid":{"rendered":"https:\/\/agora.xtec.cat\/escfonollosa\/?p=2140"},"modified":"2021-12-22T12:38:39","modified_gmt":"2021-12-22T11:38:39","slug":"tauletes-noves-a-lescola","status":"publish","type":"post","link":"https:\/\/agora.xtec.cat\/escfonollosa\/portada\/tauletes-noves-a-lescola\/","title":{"rendered":"TAULETES NOVES A L&#8217;ESCOLA"},"content":{"rendered":"<p style=\"text-align: justify;\">Aquesta setmana ha arribat a l&#8217;escola una dotaci\u00f3 de 14 tauletes digitals a l&#8217;escola. Aquest material, que ha sigut una aportaci\u00f3 de l&#8217;Ajuntament de Fonollosa, ens permetr\u00e0 poder dimensionar molt millor les tasques digitals que habitualment fem a l&#8217;escola: v\u00eddeos, fotos, petites edicions, aplicacions educatives&#8230; Cada un d&#8217;aquests dispositius t\u00e9 la seva corresponent funda protectora i un protector de pantalla per tal que, sempre que sigui necessari, puguin ser usats pels infants. N&#8217;hem distribu\u00eft una cada aula i les restants es podran usar a demanda per cada cicle quan sigui necessari.<\/p>\n<p><a href=\"https:\/\/agora.xtec.cat\/escfonollosa\/wp-content\/uploads\/usu1840\/2021\/10\/1633507849972-scaled.jpg\"><img loading=\"lazy\" decoding=\"async\" class=\"aligncenter size-large wp-image-2141\" src=\"https:\/\/agora.xtec.cat\/escfonollosa\/wp-content\/uploads\/usu1840\/2021\/10\/1633507849972-1024x723.jpg\" alt=\"\" width=\"1024\" height=\"723\" srcset=\"https:\/\/agora.xtec.cat\/escfonollosa\/wp-content\/uploads\/usu1840\/2021\/10\/1633507849972-1024x723.jpg 1024w, https:\/\/agora.xtec.cat\/escfonollosa\/wp-content\/uploads\/usu1840\/2021\/10\/1633507849972-300x212.jpg 300w, https:\/\/agora.xtec.cat\/escfonollosa\/wp-content\/uploads\/usu1840\/2021\/10\/1633507849972-768x542.jpg 768w, https:\/\/agora.xtec.cat\/escfonollosa\/wp-content\/uploads\/usu1840\/2021\/10\/1633507849972-1536x1085.jpg 1536w, https:\/\/agora.xtec.cat\/escfonollosa\/wp-content\/uploads\/usu1840\/2021\/10\/1633507849972-2048x1446.jpg 2048w\" sizes=\"auto, (max-width: 1024px) 100vw, 1024px\" \/><\/a><\/p>\n","protected":false},"excerpt":{"rendered":"<p>Aquesta setmana ha arribat a l&#8217;escola una dotaci\u00f3 de 14 tauletes digitals a l&#8217;escola. Aquest material, que ha sigut una aportaci\u00f3 de l&#8217;Ajuntament de Fonollosa, ens permetr\u00e0 poder dimensionar molt millor les tasques digitals que habitualment fem a l&#8217;escola: v\u00eddeos, fotos, petites edicions, aplicacions educatives&#8230;&hellip;  <a href=\"https:\/\/agora.xtec.cat\/escfonollosa\/portada\/tauletes-noves-a-lescola\/\" title=\"Read TAULETES NOVES A L&#8217;ESCOLA\">Llegeix m\u00e9s\u00bb<\/a><\/p>\n","protected":false},"author":4,"featured_media":1629,"comment_status":"closed","ping_status":"closed","sticky":false,"template":"","format":"standard","meta":{"_bbp_topic_count":0,"_bbp_reply_count":0,"_bbp_total_topic_count":0,"_bbp_total_reply_count":0,"_bbp_voice_count":0,"_bbp_anonymous_reply_count":0,"_bbp_topic_count_hidden":0,"_bbp_reply_count_hidden":0,"_bbp_forum_subforum_count":0,"footnotes":""},"categories":[4],"tags":[95,84],"class_list":["post-2140","post","type-post","status-publish","format-standard","has-post-thumbnail","hentry","category-portada","tag-curs-2021-2022","tag-innovacio-pedagogica"],"post_mailing_queue_ids":[],"_links":{"self":[{"href":"https:\/\/agora.xtec.cat\/escfonollosa\/wp-json\/wp\/v2\/posts\/2140","targetHints":{"allow":["GET"]}}],"collection":[{"href":"https:\/\/agora.xtec.cat\/escfonollosa\/wp-json\/wp\/v2\/posts"}],"about":[{"href":"https:\/\/agora.xtec.cat\/escfonollosa\/wp-json\/wp\/v2\/types\/post"}],"author":[{"embeddable":true,"href":"https:\/\/agora.xtec.cat\/escfonollosa\/wp-json\/wp\/v2\/users\/4"}],"replies":[{"embeddable":true,"href":"https:\/\/agora.xtec.cat\/escfonollosa\/wp-json\/wp\/v2\/comments?post=2140"}],"version-history":[{"count":1,"href":"https:\/\/agora.xtec.cat\/escfonollosa\/wp-json\/wp\/v2\/posts\/2140\/revisions"}],"predecessor-version":[{"id":2142,"href":"https:\/\/agora.xtec.cat\/escfonollosa\/wp-json\/wp\/v2\/posts\/2140\/revisions\/2142"}],"wp:featuredmedia":[{"embeddable":true,"href":"https:\/\/agora.xtec.cat\/escfonollosa\/wp-json\/wp\/v2\/media\/1629"}],"wp:attachment":[{"href":"https:\/\/agora.xtec.cat\/escfonollosa\/wp-json\/wp\/v2\/media?parent=2140"}],"wp:term":[{"taxonomy":"category","embeddable":true,"href":"https:\/\/agora.xtec.cat\/escfonollosa\/wp-json\/wp\/v2\/categories?post=2140"},{"taxonomy":"post_tag","embeddable":true,"href":"https:\/\/agora.xtec.cat\/escfonollosa\/wp-json\/wp\/v2\/tags?post=2140"}],"curies":[{"name":"wp","href":"https:\/\/api.w.org\/{rel}","templated":true}]}}