{"id":2067,"date":"2021-06-09T11:44:14","date_gmt":"2021-06-09T09:44:14","guid":{"rendered":"http:\/\/agora.xtec.cat\/escfonollosa\/?p=2067"},"modified":"2021-06-09T11:46:19","modified_gmt":"2021-06-09T09:46:19","slug":"matricula-pel-curs-2021-2022","status":"publish","type":"post","link":"https:\/\/agora.xtec.cat\/escfonollosa\/general\/matricula-pel-curs-2021-2022\/","title":{"rendered":"MATR\u00cdCULA PEL CURS 2021-2022"},"content":{"rendered":"<p style=\"text-align: justify;\"><span style=\"font-weight: 400;\">La setmana <\/span><b>del 14 al 18 de juny<\/b><span style=\"font-weight: 400;\"> \u00e9s el termini per formalitzar la matriculaci\u00f3 del vostre fill\/a al centre, i per aix\u00f2 clicant <a href=\"https:\/\/drive.google.com\/drive\/folders\/1bCvBlTU_OWiTRTWm3qaLx_DaYy9qjZfe?usp=sharing\">AQU\u00cd<\/a> us adjuntem els documents que caldr\u00e0 que ens retorneu impresos,\u00a0 degudament complimentats i signats presencialment a l\u2019escola els dies <\/span><b>16, 17 i 18 de juny<\/b><span style=\"font-weight: 400;\"> concertant cita pr\u00e8via a trav\u00e9s del formulari que trobareu clicant <a href=\"https:\/\/aplicacions.gestioeducativa.gencat.cat\/pls\/apex\/f?p=CITA_PREVIA:4::::4:P4_TIPUS_CALENDARI,P4_DOMINI:03_Oblig,08017232\">AQU\u00cd<\/a>. Tot l&#8217;alumnat que ja est\u00e0 matriculat, no cal que feu cap d&#8217;aquests tr\u00e0mits. Aquest \u00e9s un tr\u00e0mit nom\u00e9s per a alumnes de nova incorporaci\u00f3.<\/span><\/p>\n<p style=\"text-align: justify;\"><span style=\"font-weight: 400;\">Tamb\u00e9 ens heu d\u2019adjuntar:<\/span><\/p>\n<ul>\n<li style=\"font-weight: 400; text-align: justify;\" aria-level=\"1\"><span style=\"font-weight: 400;\"><strong>Fotoc\u00f2pia del Carnet de vacunacions o certificat equivalent<\/strong>. Si el nen o la nena no ha estat vacunat per les circumst\u00e0ncies que siguin, cal presentar un certificat m\u00e8dic oficial justificatiu.<\/span><\/li>\n<li style=\"font-weight: 400;\" aria-level=\"1\"><span style=\"font-weight: 400;\"><span style=\"font-weight: 400;\"><strong>TARGETA SANIT\u00c0RIA I DNI ALUMNE I DE LA FAM\u00cdLIA<\/strong> si no ho vau presentar en el moment de la preinscripci\u00f3.<\/span><\/span><a href=\"https:\/\/agora.xtec.cat\/escfonollosa\/wp-content\/uploads\/usu1840\/2021\/06\/istockphoto-1146651425-612x612.jpg\"><img loading=\"lazy\" decoding=\"async\" class=\" wp-image-2068\" src=\"https:\/\/agora.xtec.cat\/escfonollosa\/wp-content\/uploads\/usu1840\/2021\/06\/istockphoto-1146651425-612x612.jpg\" alt=\"\" width=\"531\" height=\"297\" srcset=\"https:\/\/agora.xtec.cat\/escfonollosa\/wp-content\/uploads\/usu1840\/2021\/06\/istockphoto-1146651425-612x612.jpg 612w, https:\/\/agora.xtec.cat\/escfonollosa\/wp-content\/uploads\/usu1840\/2021\/06\/istockphoto-1146651425-612x612-300x168.jpg 300w\" sizes=\"auto, (max-width: 531px) 100vw, 531px\" \/><\/a><\/li>\n<\/ul>\n<p>&nbsp;<\/p>\n","protected":false},"excerpt":{"rendered":"<p>La setmana del 14 al 18 de juny \u00e9s el termini per formalitzar la matriculaci\u00f3 del vostre fill\/a al centre, i per aix\u00f2 clicant <a href=\"https:\/\/drive.google.com\/drive\/folders\/1bCvBlTU_OWiTRTWm3qaLx_DaYy9qjZfe?usp=sharing\">AQU\u00cd<\/a> us adjuntem els documents que caldr\u00e0 que ens retorneu impresos,\u00a0 degudament complimentats i signats presencialment a l\u2019escola els dies&hellip;  <a href=\"https:\/\/agora.xtec.cat\/escfonollosa\/general\/matricula-pel-curs-2021-2022\/\" title=\"Read MATR\u00cdCULA PEL CURS 2021-2022\">Llegeix m\u00e9s\u00bb<\/a><\/p>\n","protected":false},"author":4,"featured_media":1629,"comment_status":"closed","ping_status":"closed","sticky":false,"template":"","format":"standard","meta":{"_bbp_topic_count":0,"_bbp_reply_count":0,"_bbp_total_topic_count":0,"_bbp_total_reply_count":0,"_bbp_voice_count":0,"_bbp_anonymous_reply_count":0,"_bbp_topic_count_hidden":0,"_bbp_reply_count_hidden":0,"_bbp_forum_subforum_count":0,"footnotes":""},"categories":[1,4],"tags":[90,95],"class_list":["post-2067","post","type-post","status-publish","format-standard","has-post-thumbnail","hentry","category-general","category-portada","tag-curs-2020-2021","tag-curs-2021-2022"],"post_mailing_queue_ids":[],"_links":{"self":[{"href":"https:\/\/agora.xtec.cat\/escfonollosa\/wp-json\/wp\/v2\/posts\/2067","targetHints":{"allow":["GET"]}}],"collection":[{"href":"https:\/\/agora.xtec.cat\/escfonollosa\/wp-json\/wp\/v2\/posts"}],"about":[{"href":"https:\/\/agora.xtec.cat\/escfonollosa\/wp-json\/wp\/v2\/types\/post"}],"author":[{"embeddable":true,"href":"https:\/\/agora.xtec.cat\/escfonollosa\/wp-json\/wp\/v2\/users\/4"}],"replies":[{"embeddable":true,"href":"https:\/\/agora.xtec.cat\/escfonollosa\/wp-json\/wp\/v2\/comments?post=2067"}],"version-history":[{"count":3,"href":"https:\/\/agora.xtec.cat\/escfonollosa\/wp-json\/wp\/v2\/posts\/2067\/revisions"}],"predecessor-version":[{"id":2074,"href":"https:\/\/agora.xtec.cat\/escfonollosa\/wp-json\/wp\/v2\/posts\/2067\/revisions\/2074"}],"wp:featuredmedia":[{"embeddable":true,"href":"https:\/\/agora.xtec.cat\/escfonollosa\/wp-json\/wp\/v2\/media\/1629"}],"wp:attachment":[{"href":"https:\/\/agora.xtec.cat\/escfonollosa\/wp-json\/wp\/v2\/media?parent=2067"}],"wp:term":[{"taxonomy":"category","embeddable":true,"href":"https:\/\/agora.xtec.cat\/escfonollosa\/wp-json\/wp\/v2\/categories?post=2067"},{"taxonomy":"post_tag","embeddable":true,"href":"https:\/\/agora.xtec.cat\/escfonollosa\/wp-json\/wp\/v2\/tags?post=2067"}],"curies":[{"name":"wp","href":"https:\/\/api.w.org\/{rel}","templated":true}]}}