{"id":2042,"date":"2021-06-02T11:08:44","date_gmt":"2021-06-02T09:08:44","guid":{"rendered":"http:\/\/agora.xtec.cat\/escfonollosa\/?p=2042"},"modified":"2021-06-02T11:08:44","modified_gmt":"2021-06-02T09:08:44","slug":"el-somriure-de-la-princesa","status":"publish","type":"post","link":"https:\/\/agora.xtec.cat\/escfonollosa\/cm\/el-somriure-de-la-princesa\/","title":{"rendered":"EL SOMRIURE DE LA PRINCESA"},"content":{"rendered":"<p style=\"text-align: justify;\"><a href=\"https:\/\/agora.xtec.cat\/escfonollosa\/wp-content\/uploads\/usu1840\/2021\/06\/somriureprincesa.jpg\"><img loading=\"lazy\" decoding=\"async\" class=\" wp-image-2043 alignleft\" src=\"https:\/\/agora.xtec.cat\/escfonollosa\/wp-content\/uploads\/usu1840\/2021\/06\/somriureprincesa-767x1024.jpg\" alt=\"\" width=\"120\" height=\"160\" srcset=\"https:\/\/agora.xtec.cat\/escfonollosa\/wp-content\/uploads\/usu1840\/2021\/06\/somriureprincesa-767x1024.jpg 767w, https:\/\/agora.xtec.cat\/escfonollosa\/wp-content\/uploads\/usu1840\/2021\/06\/somriureprincesa-225x300.jpg 225w, https:\/\/agora.xtec.cat\/escfonollosa\/wp-content\/uploads\/usu1840\/2021\/06\/somriureprincesa-768x1025.jpg 768w, https:\/\/agora.xtec.cat\/escfonollosa\/wp-content\/uploads\/usu1840\/2021\/06\/somriureprincesa.jpg 1200w\" sizes=\"auto, (max-width: 120px) 100vw, 120px\" \/><\/a>Dilluns vam cantar plegats l&#8217;obra del Cantaxics titulada &#8220;El Somriure de la Princesa&#8221; i promoguda per l&#8217;ACEM. Despr\u00e9s de setmanes de treball a l&#8217;aula, nens i nenes de Cicle Inicial i de Cicle Mitj\u00e0 ens vam trobar a la pista per cantar plegats sota la direcci\u00f3 de l&#8217;Anna Soler. Tot i que l&#8217;actuaci\u00f3 va anar molt b\u00e9, tothom hagu\u00e9s preferit fer-la com cada any: al teatre.<\/p>\n<p style=\"text-align: justify;\">Tenim una gravaci\u00f3 en v\u00eddeo que mirarem d&#8217;editar per tal que pugueu gaudir de l&#8217;actuaci\u00f3 a trav\u00e9s de la pantalla, per\u00f2 el so no \u00e9s de gaire qualitat i potser no podr\u00e0 ser del concert sencer. El que s\u00ed que us volem transmetre \u00e9s que ens ho vam passar molt b\u00e9 cantant i fent les coreografies. \u00c9s bo recordar-vos que a l&#8217;escola tenim el llibre i CD del Cantaxics que podeu comprar, si voleu, enviant un correu a l&#8217;escola al preu de 15 euros.<\/p>\n<p>&nbsp;<\/p>\n<p><a href=\"https:\/\/agora.xtec.cat\/escfonollosa\/wp-content\/uploads\/usu1840\/2021\/06\/sdp_1.jpeg\"><img loading=\"lazy\" decoding=\"async\" class=\"wp-image-2044 alignleft\" src=\"https:\/\/agora.xtec.cat\/escfonollosa\/wp-content\/uploads\/usu1840\/2021\/06\/sdp_1-1024x768.jpeg\" alt=\"\" width=\"462\" height=\"347\" srcset=\"https:\/\/agora.xtec.cat\/escfonollosa\/wp-content\/uploads\/usu1840\/2021\/06\/sdp_1-1024x768.jpeg 1024w, https:\/\/agora.xtec.cat\/escfonollosa\/wp-content\/uploads\/usu1840\/2021\/06\/sdp_1-300x225.jpeg 300w, https:\/\/agora.xtec.cat\/escfonollosa\/wp-content\/uploads\/usu1840\/2021\/06\/sdp_1-768x576.jpeg 768w, https:\/\/agora.xtec.cat\/escfonollosa\/wp-content\/uploads\/usu1840\/2021\/06\/sdp_1-200x150.jpeg 200w, https:\/\/agora.xtec.cat\/escfonollosa\/wp-content\/uploads\/usu1840\/2021\/06\/sdp_1.jpeg 2048w\" sizes=\"auto, (max-width: 462px) 100vw, 462px\" \/><\/a> <a href=\"https:\/\/agora.xtec.cat\/escfonollosa\/wp-content\/uploads\/usu1840\/2021\/06\/sdp_2.jpeg\"><img loading=\"lazy\" decoding=\"async\" class=\"wp-image-2045 alignright\" src=\"https:\/\/agora.xtec.cat\/escfonollosa\/wp-content\/uploads\/usu1840\/2021\/06\/sdp_2-1024x768.jpeg\" alt=\"\" width=\"484\" height=\"363\" srcset=\"https:\/\/agora.xtec.cat\/escfonollosa\/wp-content\/uploads\/usu1840\/2021\/06\/sdp_2-1024x768.jpeg 1024w, https:\/\/agora.xtec.cat\/escfonollosa\/wp-content\/uploads\/usu1840\/2021\/06\/sdp_2-300x225.jpeg 300w, https:\/\/agora.xtec.cat\/escfonollosa\/wp-content\/uploads\/usu1840\/2021\/06\/sdp_2-768x576.jpeg 768w, https:\/\/agora.xtec.cat\/escfonollosa\/wp-content\/uploads\/usu1840\/2021\/06\/sdp_2-200x150.jpeg 200w, https:\/\/agora.xtec.cat\/escfonollosa\/wp-content\/uploads\/usu1840\/2021\/06\/sdp_2.jpeg 2048w\" sizes=\"auto, (max-width: 484px) 100vw, 484px\" \/><\/a><\/p>\n","protected":false},"excerpt":{"rendered":"<p><a href=\"https:\/\/agora.xtec.cat\/escfonollosa\/wp-content\/uploads\/usu1840\/2021\/06\/somriureprincesa.jpg\"><\/a>Dilluns vam cantar plegats l&#8217;obra del Cantaxics titulada &#8220;El Somriure de la Princesa&#8221; i promoguda per l&#8217;ACEM. Despr\u00e9s de setmanes de treball a l&#8217;aula, nens i nenes de Cicle Inicial i de Cicle Mitj\u00e0 ens vam trobar a la pista per cantar plegats sota&hellip;  <a href=\"https:\/\/agora.xtec.cat\/escfonollosa\/cm\/el-somriure-de-la-princesa\/\" title=\"Read EL SOMRIURE DE LA PRINCESA\">Llegeix m\u00e9s\u00bb<\/a><\/p>\n","protected":false},"author":4,"featured_media":1629,"comment_status":"closed","ping_status":"closed","sticky":false,"template":"","format":"standard","meta":{"_bbp_topic_count":0,"_bbp_reply_count":0,"_bbp_total_topic_count":0,"_bbp_total_reply_count":0,"_bbp_voice_count":0,"_bbp_anonymous_reply_count":0,"_bbp_topic_count_hidden":0,"_bbp_reply_count_hidden":0,"_bbp_forum_subforum_count":0,"footnotes":""},"categories":[91,60],"tags":[74,90,67],"class_list":["post-2042","post","type-post","status-publish","format-standard","has-post-thumbnail","hentry","category-ci","category-cm","tag-concert","tag-curs-2020-2021","tag-musica"],"post_mailing_queue_ids":[],"_links":{"self":[{"href":"https:\/\/agora.xtec.cat\/escfonollosa\/wp-json\/wp\/v2\/posts\/2042","targetHints":{"allow":["GET"]}}],"collection":[{"href":"https:\/\/agora.xtec.cat\/escfonollosa\/wp-json\/wp\/v2\/posts"}],"about":[{"href":"https:\/\/agora.xtec.cat\/escfonollosa\/wp-json\/wp\/v2\/types\/post"}],"author":[{"embeddable":true,"href":"https:\/\/agora.xtec.cat\/escfonollosa\/wp-json\/wp\/v2\/users\/4"}],"replies":[{"embeddable":true,"href":"https:\/\/agora.xtec.cat\/escfonollosa\/wp-json\/wp\/v2\/comments?post=2042"}],"version-history":[{"count":3,"href":"https:\/\/agora.xtec.cat\/escfonollosa\/wp-json\/wp\/v2\/posts\/2042\/revisions"}],"predecessor-version":[{"id":2048,"href":"https:\/\/agora.xtec.cat\/escfonollosa\/wp-json\/wp\/v2\/posts\/2042\/revisions\/2048"}],"wp:featuredmedia":[{"embeddable":true,"href":"https:\/\/agora.xtec.cat\/escfonollosa\/wp-json\/wp\/v2\/media\/1629"}],"wp:attachment":[{"href":"https:\/\/agora.xtec.cat\/escfonollosa\/wp-json\/wp\/v2\/media?parent=2042"}],"wp:term":[{"taxonomy":"category","embeddable":true,"href":"https:\/\/agora.xtec.cat\/escfonollosa\/wp-json\/wp\/v2\/categories?post=2042"},{"taxonomy":"post_tag","embeddable":true,"href":"https:\/\/agora.xtec.cat\/escfonollosa\/wp-json\/wp\/v2\/tags?post=2042"}],"curies":[{"name":"wp","href":"https:\/\/api.w.org\/{rel}","templated":true}]}}