{"id":1992,"date":"2021-04-19T14:41:01","date_gmt":"2021-04-19T12:41:01","guid":{"rendered":"http:\/\/agora.xtec.cat\/escfonollosa\/?p=1992"},"modified":"2021-04-19T14:41:01","modified_gmt":"2021-04-19T12:41:01","slug":"llistat-del-barem-provisional-de-preinscripcio","status":"publish","type":"post","link":"https:\/\/agora.xtec.cat\/escfonollosa\/general\/llistat-del-barem-provisional-de-preinscripcio\/","title":{"rendered":"LLISTAT DEL BAREM PROVISIONAL DE PREINSCRIPCI\u00d3"},"content":{"rendered":"<p style=\"text-align: justify;\">Si cliqueu <a href=\"https:\/\/drive.google.com\/file\/d\/1oPFmkIL6Oahy647riTfhiw50fV88xpZ7\/view?usp=sharing\">AQU\u00cd<\/a> podreu visualitzar la llista provisional d&#8217;admesos en la preinscripci\u00f3 pel curs 2021-2022 a la nostra escola. S&#8217;ha detectat un error en la puntuaci\u00f3 segons el lloc de resid\u00e8ncia generalitzat al sistema. Aquesta llista \u00e9s provisional i aquest error ser\u00e0 esmenat a la llista definitiva a tothom. D&#8217;entrada s&#8217;han atorgat 10 punts a tot\/a alumne\/a de l&#8217;\u00e0rea d&#8217;influ\u00e8ncia per zona educativa i n&#8217;hi hauria d&#8217;haver 30. Malgrat aix\u00f2, \u00e9s bo saber que el termini establert per presentar reclamacions \u00e9s fins el dia 26 d&#8217;abril. Es pot fer a trav\u00e9s de l&#8217;espai web on vau tramitar tota la preinscripci\u00f3. Si penseu que cal que presenteu reclamaci\u00f3 pel lloc de resid\u00e8ncia o per qualsevol altre concepte, ho podeu fer.<\/p>\n","protected":false},"excerpt":{"rendered":"<p>Si cliqueu <a href=\"https:\/\/drive.google.com\/file\/d\/1oPFmkIL6Oahy647riTfhiw50fV88xpZ7\/view?usp=sharing\">AQU\u00cd<\/a> podreu visualitzar la llista provisional d&#8217;admesos en la preinscripci\u00f3 pel curs 2021-2022 a la nostra escola. S&#8217;ha detectat un error en la puntuaci\u00f3 segons el lloc de resid\u00e8ncia generalitzat al sistema. Aquesta llista \u00e9s provisional i aquest error ser\u00e0 esmenat a&hellip;  <a href=\"https:\/\/agora.xtec.cat\/escfonollosa\/general\/llistat-del-barem-provisional-de-preinscripcio\/\" title=\"Read LLISTAT DEL BAREM PROVISIONAL DE PREINSCRIPCI\u00d3\">Llegeix m\u00e9s\u00bb<\/a><\/p>\n","protected":false},"author":4,"featured_media":0,"comment_status":"closed","ping_status":"closed","sticky":false,"template":"","format":"standard","meta":{"_bbp_topic_count":0,"_bbp_reply_count":0,"_bbp_total_topic_count":0,"_bbp_total_reply_count":0,"_bbp_voice_count":0,"_bbp_anonymous_reply_count":0,"_bbp_topic_count_hidden":0,"_bbp_reply_count_hidden":0,"_bbp_forum_subforum_count":0,"footnotes":""},"categories":[1,4],"tags":[90,88],"class_list":["post-1992","post","type-post","status-publish","format-standard","hentry","category-general","category-portada","tag-curs-2020-2021","tag-preinscripcio"],"post_mailing_queue_ids":[],"_links":{"self":[{"href":"https:\/\/agora.xtec.cat\/escfonollosa\/wp-json\/wp\/v2\/posts\/1992","targetHints":{"allow":["GET"]}}],"collection":[{"href":"https:\/\/agora.xtec.cat\/escfonollosa\/wp-json\/wp\/v2\/posts"}],"about":[{"href":"https:\/\/agora.xtec.cat\/escfonollosa\/wp-json\/wp\/v2\/types\/post"}],"author":[{"embeddable":true,"href":"https:\/\/agora.xtec.cat\/escfonollosa\/wp-json\/wp\/v2\/users\/4"}],"replies":[{"embeddable":true,"href":"https:\/\/agora.xtec.cat\/escfonollosa\/wp-json\/wp\/v2\/comments?post=1992"}],"version-history":[{"count":3,"href":"https:\/\/agora.xtec.cat\/escfonollosa\/wp-json\/wp\/v2\/posts\/1992\/revisions"}],"predecessor-version":[{"id":1995,"href":"https:\/\/agora.xtec.cat\/escfonollosa\/wp-json\/wp\/v2\/posts\/1992\/revisions\/1995"}],"wp:attachment":[{"href":"https:\/\/agora.xtec.cat\/escfonollosa\/wp-json\/wp\/v2\/media?parent=1992"}],"wp:term":[{"taxonomy":"category","embeddable":true,"href":"https:\/\/agora.xtec.cat\/escfonollosa\/wp-json\/wp\/v2\/categories?post=1992"},{"taxonomy":"post_tag","embeddable":true,"href":"https:\/\/agora.xtec.cat\/escfonollosa\/wp-json\/wp\/v2\/tags?post=1992"}],"curies":[{"name":"wp","href":"https:\/\/api.w.org\/{rel}","templated":true}]}}