{"id":1727,"date":"2020-11-16T14:59:01","date_gmt":"2020-11-16T13:59:01","guid":{"rendered":"http:\/\/agora.xtec.cat\/escfonollosa\/?p=1727"},"modified":"2020-12-02T09:49:42","modified_gmt":"2020-12-02T08:49:42","slug":"les-classes-de-cicle-inicial","status":"publish","type":"post","link":"https:\/\/agora.xtec.cat\/escfonollosa\/general\/les-classes-de-cicle-inicial\/","title":{"rendered":"LES CLASSES DE CICLE INICIAL"},"content":{"rendered":"<p>Hola Benvinguts al Blog de Cicle Inicial!<\/p>\n<p>Nosaltres som els nens i les nenes de la classe de les Fures i les V\u00edbries.<\/p>\n<p><a href=\"https:\/\/agora.xtec.cat\/escfonollosa\/wp-content\/uploads\/usu1840\/2020\/11\/1601299690473-resized.jpg\"><img loading=\"lazy\" decoding=\"async\" class=\"alignnone size-large wp-image-1729\" src=\"https:\/\/agora.xtec.cat\/escfonollosa\/wp-content\/uploads\/usu1840\/2020\/11\/1601299690473-resized-1024x576.jpg\" alt=\"\" width=\"1024\" height=\"576\" srcset=\"https:\/\/agora.xtec.cat\/escfonollosa\/wp-content\/uploads\/usu1840\/2020\/11\/1601299690473-resized-1024x576.jpg 1024w, https:\/\/agora.xtec.cat\/escfonollosa\/wp-content\/uploads\/usu1840\/2020\/11\/1601299690473-resized-300x169.jpg 300w, https:\/\/agora.xtec.cat\/escfonollosa\/wp-content\/uploads\/usu1840\/2020\/11\/1601299690473-resized-768x432.jpg 768w, https:\/\/agora.xtec.cat\/escfonollosa\/wp-content\/uploads\/usu1840\/2020\/11\/1601299690473-resized.jpg 2000w\" sizes=\"auto, (max-width: 1024px) 100vw, 1024px\" \/><\/a><\/p>\n<p><a href=\"https:\/\/agora.xtec.cat\/escfonollosa\/wp-content\/uploads\/usu1840\/2020\/11\/1601299761234_resized.jpg\">Mireu que bonica \u00e9s l&#8217;entrada a les nostres aules. Aquest \u00e9s l&#8217;arbre dels desitjos, on hi vam penjar unes fulles molt xules. Cadasc\u00fa de nosaltres va decorar una fulla i hi va escriure un prop\u00f2sit per aquest any! Esperem que aquests desitjos es compleixin! \ud83d\ude09 <\/a><\/p>\n<p><a href=\"https:\/\/agora.xtec.cat\/escfonollosa\/wp-content\/uploads\/usu1840\/2020\/11\/1601299761234_resized.jpg\"><img loading=\"lazy\" decoding=\"async\" class=\"alignnone size-large wp-image-1730\" src=\"https:\/\/agora.xtec.cat\/escfonollosa\/wp-content\/uploads\/usu1840\/2020\/11\/1601299761234_resized-1024x576.jpg\" alt=\"\" width=\"1024\" height=\"576\" srcset=\"https:\/\/agora.xtec.cat\/escfonollosa\/wp-content\/uploads\/usu1840\/2020\/11\/1601299761234_resized-1024x576.jpg 1024w, https:\/\/agora.xtec.cat\/escfonollosa\/wp-content\/uploads\/usu1840\/2020\/11\/1601299761234_resized-300x169.jpg 300w, https:\/\/agora.xtec.cat\/escfonollosa\/wp-content\/uploads\/usu1840\/2020\/11\/1601299761234_resized-768x432.jpg 768w, https:\/\/agora.xtec.cat\/escfonollosa\/wp-content\/uploads\/usu1840\/2020\/11\/1601299761234_resized.jpg 2000w\" sizes=\"auto, (max-width: 1024px) 100vw, 1024px\" \/><\/a><\/p>\n<p>Som les V\u00edbries!<\/p>\n<p><a href=\"https:\/\/agora.xtec.cat\/escfonollosa\/wp-content\/uploads\/usu1840\/2020\/11\/IMG_4599_resized.jpg\"><img loading=\"lazy\" decoding=\"async\" class=\"alignnone size-large wp-image-1728\" src=\"https:\/\/agora.xtec.cat\/escfonollosa\/wp-content\/uploads\/usu1840\/2020\/11\/IMG_4599_resized-1024x768.jpg\" alt=\"\" width=\"1024\" height=\"768\" srcset=\"https:\/\/agora.xtec.cat\/escfonollosa\/wp-content\/uploads\/usu1840\/2020\/11\/IMG_4599_resized-1024x768.jpg 1024w, https:\/\/agora.xtec.cat\/escfonollosa\/wp-content\/uploads\/usu1840\/2020\/11\/IMG_4599_resized-300x225.jpg 300w, https:\/\/agora.xtec.cat\/escfonollosa\/wp-content\/uploads\/usu1840\/2020\/11\/IMG_4599_resized-768x576.jpg 768w, https:\/\/agora.xtec.cat\/escfonollosa\/wp-content\/uploads\/usu1840\/2020\/11\/IMG_4599_resized-200x150.jpg 200w, https:\/\/agora.xtec.cat\/escfonollosa\/wp-content\/uploads\/usu1840\/2020\/11\/IMG_4599_resized.jpg 2000w\" sizes=\"auto, (max-width: 1024px) 100vw, 1024px\" \/><\/a><\/p>\n<p>Nosaltres som les Fures!<\/p>\n","protected":false},"excerpt":{"rendered":"<p>Hola Benvinguts al Blog de Cicle Inicial!<br \/>\nNosaltres som els nens i les nenes de la classe de les Fures i les V\u00edbries.<br \/>\n<a href=\"https:\/\/agora.xtec.cat\/escfonollosa\/wp-content\/uploads\/usu1840\/2020\/11\/1601299690473-resized.jpg\"><\/a><br \/>\n<a href=\"https:\/\/agora.xtec.cat\/escfonollosa\/wp-content\/uploads\/usu1840\/2020\/11\/1601299761234_resized.jpg\">Mireu que bonica \u00e9s l&#8217;entrada a les nostres aules. Aquest \u00e9s l&#8217;arbre dels desitjos, on hi vam penjar unes fulles molt xules.&hellip;  <a href=\"https:\/\/agora.xtec.cat\/escfonollosa\/general\/les-classes-de-cicle-inicial\/\" title=\"Read LES CLASSES DE CICLE INICIAL\">Llegeix m\u00e9s\u00bb<\/a><\/p>\n","protected":false},"author":18,"featured_media":1629,"comment_status":"closed","ping_status":"closed","sticky":false,"template":"","format":"standard","meta":{"_bbp_topic_count":0,"_bbp_reply_count":0,"_bbp_total_topic_count":0,"_bbp_total_reply_count":0,"_bbp_voice_count":0,"_bbp_anonymous_reply_count":0,"_bbp_topic_count_hidden":0,"_bbp_reply_count_hidden":0,"_bbp_forum_subforum_count":0,"footnotes":""},"categories":[91,1],"tags":[64,90],"class_list":["post-1727","post","type-post","status-publish","format-standard","has-post-thumbnail","hentry","category-ci","category-general","tag-cicle-inicial","tag-curs-2020-2021"],"post_mailing_queue_ids":[],"_links":{"self":[{"href":"https:\/\/agora.xtec.cat\/escfonollosa\/wp-json\/wp\/v2\/posts\/1727","targetHints":{"allow":["GET"]}}],"collection":[{"href":"https:\/\/agora.xtec.cat\/escfonollosa\/wp-json\/wp\/v2\/posts"}],"about":[{"href":"https:\/\/agora.xtec.cat\/escfonollosa\/wp-json\/wp\/v2\/types\/post"}],"author":[{"embeddable":true,"href":"https:\/\/agora.xtec.cat\/escfonollosa\/wp-json\/wp\/v2\/users\/18"}],"replies":[{"embeddable":true,"href":"https:\/\/agora.xtec.cat\/escfonollosa\/wp-json\/wp\/v2\/comments?post=1727"}],"version-history":[{"count":3,"href":"https:\/\/agora.xtec.cat\/escfonollosa\/wp-json\/wp\/v2\/posts\/1727\/revisions"}],"predecessor-version":[{"id":1765,"href":"https:\/\/agora.xtec.cat\/escfonollosa\/wp-json\/wp\/v2\/posts\/1727\/revisions\/1765"}],"wp:featuredmedia":[{"embeddable":true,"href":"https:\/\/agora.xtec.cat\/escfonollosa\/wp-json\/wp\/v2\/media\/1629"}],"wp:attachment":[{"href":"https:\/\/agora.xtec.cat\/escfonollosa\/wp-json\/wp\/v2\/media?parent=1727"}],"wp:term":[{"taxonomy":"category","embeddable":true,"href":"https:\/\/agora.xtec.cat\/escfonollosa\/wp-json\/wp\/v2\/categories?post=1727"},{"taxonomy":"post_tag","embeddable":true,"href":"https:\/\/agora.xtec.cat\/escfonollosa\/wp-json\/wp\/v2\/tags?post=1727"}],"curies":[{"name":"wp","href":"https:\/\/api.w.org\/{rel}","templated":true}]}}